{"id":10334,"date":"2025-03-17T21:46:43","date_gmt":"2025-03-17T20:46:43","guid":{"rendered":"https:\/\/ksapa.org\/fr\/?p=10334"},"modified":"2025-03-17T21:46:46","modified_gmt":"2025-03-17T20:46:46","slug":"evaluation-esg-reveler-la-valeur-cachee-des-actifs","status":"publish","type":"post","link":"https:\/\/ksapa.org\/fr\/evaluation-esg-reveler-la-valeur-cachee-des-actifs\/","title":{"rendered":"\u00c9valuation ESG : R\u00e9v\u00e9ler la Valeur Cach\u00e9e des Actifs"},"content":{"rendered":"\n<p><strong>S\u00e9rie analysant comment la critique de l\u2019ESG cr\u00e9\u00e9 l\u2019opportunit\u00e9 de rappeler la valeur de ces r\u00e9flexions au sein des entreprises.<\/strong><\/p>\n\n\n\n<p><strong>Dans l&rsquo;environnement \u00e9conomique complexe d&rsquo;aujourd&rsquo;hui, l&rsquo;\u00e9valuation pr\u00e9cise des actifs exige d&rsquo;aller au-del\u00e0 des m\u00e9triques financi\u00e8res traditionnelles. Lorsque les externalit\u00e9s environnementales et sociales ne sont pas correctement prises en compte lors de la planification du projet ou tout au long du cycle de vie d&rsquo;un actif, les entreprises risquent des cons\u00e9quences financi\u00e8res importantes par sur\u00e9valuation ou d\u00e9pr\u00e9ciation inattendue. En nous appuyant sur le travail novateur de l&rsquo;Outil d&rsquo;\u00c9valuation Financi\u00e8re pour les Investissements Durables (<a href=\"https:\/\/www.ifc.org\/en\/insights-reports\/2023\/sustainability-assessment-and-improvement-tool-for-midsize-growth-companies\">FV Tool<\/a>) d\u00e9velopp\u00e9 en partenariat avec l&rsquo;IFC de la Banque Mondiale, nous explorons comment une \u00e9valuation ad\u00e9quate de la durabilit\u00e9 cr\u00e9e une valeur commerciale tangible tout en att\u00e9nuant les risques op\u00e9rationnels.<\/strong><\/p>\n\n\n\n<h2 class=\"wp-block-heading\">Le V\u00e9ritable Co\u00fbt des Externalit\u00e9s N\u00e9glig\u00e9es<\/h2>\n\n\n\n<p>Les projets \u00e0 forte intensit\u00e9 de capital comme les mines, les pipelines et les grandes exploitations agricoles font face \u00e0 des d\u00e9fis uniques lorsque les facteurs environnementaux et sociaux sont n\u00e9glig\u00e9s. Comme le d\u00e9montrent les \u00e9tudes de cas avec des entreprises comme Rio Tinto et <a href=\"https:\/\/esg.wharton.upenn.edu\/wp-content\/uploads\/2023\/08\/Ahafo-A_Wharton-ESG-Case-Study.pdf\">Newmont Ghana<\/a>, ne pas tenir compte des <a href=\"https:\/\/ksapa.org\/fr\/engagement-communautaire-en-conflit-guide-terrain\/\">relations communautaires<\/a>, du d\u00e9veloppement de la main-d&rsquo;\u0153uvre locale et des impacts environnementaux peut entra\u00eener des retards co\u00fbteux, des probl\u00e8mes de s\u00e9curit\u00e9 et des perturbations op\u00e9rationnelles. Le FV Tool quantifie ces risques, montrant comment des facteurs apparemment \u00ab\u00a0intangibles\u00a0\u00bb se traduisent directement en r\u00e9sultats concrets gr\u00e2ce \u00e0 l&rsquo;att\u00e9nuation des risques et \u00e0 l&rsquo;efficacit\u00e9 op\u00e9rationnelle.<\/p>\n\n\n\n<h2 class=\"wp-block-heading\">Transformer la Durabilit\u00e9 d&rsquo;un Centre de Co\u00fbts en Cr\u00e9ateur de Valeur<\/h2>\n\n\n\n<p>La m\u00e9thodologie d&rsquo;\u00e9valuation financi\u00e8re comble le foss\u00e9 de communication entre les professionnels de la durabilit\u00e9 et les d\u00e9cideurs financiers en exprimant les investissements ESG dans le langage universel des affaires : les rendements financiers. En calculant la Valeur Actuelle Nette (VAN) des initiatives de durabilit\u00e9, les entreprises peuvent comparer diff\u00e9rents sc\u00e9narios d&rsquo;investissement et optimiser leurs portefeuilles pour maximiser la valeur commerciale. Cette approche transforme la durabilit\u00e9 d&rsquo;un exercice de conformit\u00e9 en une fonction commerciale strat\u00e9gique avec des rendements mesurables.<\/p>\n\n\n\n<h2 class=\"wp-block-heading\">Analyse Compl\u00e8te du Cycle de Vie pour Optimiser CAPEX\/OPEX<\/h2>\n\n\n\n<p>Particuli\u00e8rement dans des environnements difficiles caract\u00e9ris\u00e9s par le stress hydrique, les conflits communautaires ou les probl\u00e8mes de gouvernance, les mod\u00e8les traditionnels de CAPEX et d&rsquo;OPEX ne parviennent souvent pas \u00e0 saisir les facteurs de risque externes. <a href=\"https:\/\/ksapa.org\/fr\/esg-au-dela-des-mots-place-a-limpact-reel\/\">Un calibrage appropri\u00e9 des outils financiers qui tiennent compte de ces externalit\u00e9s permet des pr\u00e9visions plus pr\u00e9cises sur l&rsquo;ensemble du cycle de vie de l&rsquo;actif<\/a>. Les entreprises qui r\u00e9alisent des investissements durables \u00e9clair\u00e9s d\u00e8s le d\u00e9but d\u00e9couvrent souvent d&rsquo;importantes \u00e9conomies \u00e0 long terme gr\u00e2ce \u00e0 la r\u00e9duction des perturbations op\u00e9rationnelles, la diminution des co\u00fbts de s\u00e9curit\u00e9 et l&rsquo;am\u00e9lioration de la productivit\u00e9.<\/p>\n\n\n\n<h2 class=\"wp-block-heading\">Conclusion<\/h2>\n\n\n\n<p>En int\u00e9grant les facteurs de durabilit\u00e9 dans les mod\u00e8les d&rsquo;\u00e9valuation financi\u00e8re, les entreprises peuvent prendre des d\u00e9cisions d&rsquo;investissement plus \u00e9clair\u00e9es qui prot\u00e8gent la valeur des actifs tout en cr\u00e9ant un impact positif pour les communaut\u00e9s. L&rsquo;expertise appropri\u00e9e dans le calibrage de ces outils et dans l&rsquo;\u00e9tablissement d&rsquo;un alignement des parties prenantes autour de sc\u00e9narios alternatifs s&rsquo;av\u00e8re inestimable pour optimiser les rendements tout en g\u00e9rant les risques environnementaux et sociaux tout au long du cycle de vie de l&rsquo;actif.<\/p>\n\n\n\n<p><a href=\"https:\/\/ksapa.org\/fr\/a-propos\/etudes-de-cas-du-defi-esg-vers-la-transformation-odd-durable\/\">C&rsquo;est ici que le partenariat avec Ksapa peut faire une diff\u00e9rence cruciale dans votre parcours ESG<\/a>. Notre approche globale commence par une analyse approfondie des \u00e9carts pour aider votre entreprise \u00e0 comprendre et \u00e0 quantifier le plein potentiel de valeur de l&rsquo;ESG. Cette analyse va au-del\u00e0 de la conformit\u00e9 pour <\/p>\n\n\n\n<ul class=\"wp-block-list\">\n<li>cartographier les parties prenantes, <\/li>\n\n\n\n<li>d\u00e9finir des sc\u00e9narios alternatifs, <\/li>\n\n\n\n<li>engager et construire un alignement interne entre les parties prenantes sur la fa\u00e7on dont diverses hypoth\u00e8ses peuvent avoir un impact sur les CAPEX\/OPEX d&rsquo;un actif \u2013 de l&rsquo;efficacit\u00e9 op\u00e9rationnelle et du potentiel d&rsquo;innovation \u00e0 la croissance des parts de march\u00e9 et \u00e0 l&rsquo;am\u00e9lioration de la valorisation des actifs. <\/li>\n<\/ul>\n\n\n\n<p>En comprenant o\u00f9 vous en \u00eates et o\u00f9 vous pourriez \u00eatre, nous vous aidons \u00e0 \u00e9laborer un argumentaire convaincant pour la transformation ESG. Pr\u00eat \u00e0 transformer l&rsquo;ESG d&rsquo;un d\u00e9fi en opportunit\u00e9 ? Contactez Ksapa pour commencer votre parcours vers une performance durable et responsable. Ensemble, nous pouvons cr\u00e9er une valeur durable tout en contribuant \u00e0 un avenir plus soutenable et \u00e9quitable pour toutes les parties prenantes.<\/p>\n\n\n\n<p>Illustration Freepik<\/p>\n","protected":false},"excerpt":{"rendered":"<p>D\u00e9couvrez comment l&rsquo;\u00e9valuation ad\u00e9quate des facteurs ESG peut prot\u00e9ger et valoriser vos actifs tout au long de leur cycle de vie.<\/p>\n","protected":false},"author":2,"featured_media":10335,"comment_status":"open","ping_status":"open","sticky":false,"template":"","format":"standard","meta":{"footnotes":""},"categories":[2696,20],"tags":[136,406,2900,142,147],"class_list":["post-10334","post","type-post","status-publish","format-standard","has-post-thumbnail","hentry","category-finance-durable-esg","category-rse","tag-competitivite","tag-esg","tag-esg-impact-investing","tag-externalites","tag-partie-prenante"],"yoast_head":"<!-- This site is optimized with the Yoast SEO plugin v27.3 - https:\/\/yoast.com\/product\/yoast-seo-wordpress\/ -->\n<title>\u00c9valuation ESG : R\u00e9v\u00e9ler la Valeur Cach\u00e9e des Actifs<\/title>\n<meta name=\"description\" content=\"D\u00e9couvrez comment l&#039;\u00e9valuation ad\u00e9quate des facteurs ESG peut prot\u00e9ger et valoriser vos actifs tout au long de leur cycle de vie.\" \/>\n<meta name=\"robots\" content=\"index, follow, max-snippet:-1, max-image-preview:large, max-video-preview:-1\" \/>\n<link rel=\"canonical\" href=\"https:\/\/ksapa.org\/fr\/evaluation-esg-reveler-la-valeur-cachee-des-actifs\/\" \/>\n<meta property=\"og:locale\" content=\"fr_FR\" \/>\n<meta property=\"og:type\" content=\"article\" \/>\n<meta property=\"og:title\" content=\"\u00c9valuation ESG : R\u00e9v\u00e9ler la Valeur Cach\u00e9e des Actifs\" \/>\n<meta property=\"og:description\" content=\"D\u00e9couvrez comment l&#039;\u00e9valuation ad\u00e9quate des facteurs ESG peut prot\u00e9ger et valoriser vos actifs tout au long de leur cycle de vie.\" \/>\n<meta property=\"og:url\" content=\"https:\/\/ksapa.org\/fr\/evaluation-esg-reveler-la-valeur-cachee-des-actifs\/\" \/>\n<meta property=\"og:site_name\" content=\"Ksapa - fr\" \/>\n<meta property=\"article:published_time\" content=\"2025-03-17T20:46:43+00:00\" \/>\n<meta property=\"article:modified_time\" content=\"2025-03-17T20:46:46+00:00\" \/>\n<meta property=\"og:image\" content=\"https:\/\/ksapa.org\/fr\/wp-content\/uploads\/sites\/1\/2025\/03\/6766930-scaled.jpg\" \/>\n\t<meta property=\"og:image:width\" content=\"2560\" \/>\n\t<meta property=\"og:image:height\" content=\"1707\" \/>\n\t<meta property=\"og:image:type\" content=\"image\/jpeg\" \/>\n<meta name=\"author\" content=\"Farid Baddache\" \/>\n<meta name=\"twitter:card\" content=\"summary_large_image\" \/>\n<meta name=\"twitter:creator\" content=\"@Fbaddache\" \/>\n<meta name=\"twitter:site\" content=\"@KsapaOrg\" \/>\n<meta name=\"twitter:label1\" content=\"\u00c9crit par\" \/>\n\t<meta name=\"twitter:data1\" content=\"Farid Baddache\" \/>\n\t<meta name=\"twitter:label2\" content=\"Dur\u00e9e de lecture estim\u00e9e\" \/>\n\t<meta name=\"twitter:data2\" content=\"4 minutes\" \/>\n<script type=\"application\/ld+json\" class=\"yoast-schema-graph\">{\"@context\":\"https:\\\/\\\/schema.org\",\"@graph\":[{\"@type\":\"Article\",\"@id\":\"https:\\\/\\\/ksapa.org\\\/fr\\\/evaluation-esg-reveler-la-valeur-cachee-des-actifs\\\/#article\",\"isPartOf\":{\"@id\":\"https:\\\/\\\/ksapa.org\\\/fr\\\/evaluation-esg-reveler-la-valeur-cachee-des-actifs\\\/\"},\"author\":{\"name\":\"Farid Baddache\",\"@id\":\"https:\\\/\\\/ksapa.org\\\/fr\\\/#\\\/schema\\\/person\\\/04c46158d370e75b9ece9fe70d969403\"},\"headline\":\"\u00c9valuation ESG : R\u00e9v\u00e9ler la Valeur Cach\u00e9e des Actifs\",\"datePublished\":\"2025-03-17T20:46:43+00:00\",\"dateModified\":\"2025-03-17T20:46:46+00:00\",\"mainEntityOfPage\":{\"@id\":\"https:\\\/\\\/ksapa.org\\\/fr\\\/evaluation-esg-reveler-la-valeur-cachee-des-actifs\\\/\"},\"wordCount\":802,\"commentCount\":0,\"publisher\":{\"@id\":\"https:\\\/\\\/ksapa.org\\\/fr\\\/#organization\"},\"image\":{\"@id\":\"https:\\\/\\\/ksapa.org\\\/fr\\\/evaluation-esg-reveler-la-valeur-cachee-des-actifs\\\/#primaryimage\"},\"thumbnailUrl\":\"https:\\\/\\\/ksapa.org\\\/fr\\\/wp-content\\\/uploads\\\/sites\\\/1\\\/2025\\\/03\\\/6766930-scaled.jpg\",\"keywords\":[\"Comp\u00e9titivit\u00e9\",\"ESG\",\"esg impact investing\",\"Externalit\u00e9s\",\"Partie prenante\"],\"articleSection\":[\"Finance Durable et ESG\",\"Responsabilit\u00e9 Soci\u00e9tale et Environnementale (RSE)\"],\"inLanguage\":\"fr-FR\",\"potentialAction\":[{\"@type\":\"CommentAction\",\"name\":\"Comment\",\"target\":[\"https:\\\/\\\/ksapa.org\\\/fr\\\/evaluation-esg-reveler-la-valeur-cachee-des-actifs\\\/#respond\"]}]},{\"@type\":\"WebPage\",\"@id\":\"https:\\\/\\\/ksapa.org\\\/fr\\\/evaluation-esg-reveler-la-valeur-cachee-des-actifs\\\/\",\"url\":\"https:\\\/\\\/ksapa.org\\\/fr\\\/evaluation-esg-reveler-la-valeur-cachee-des-actifs\\\/\",\"name\":\"\u00c9valuation ESG : R\u00e9v\u00e9ler la Valeur Cach\u00e9e des Actifs\",\"isPartOf\":{\"@id\":\"https:\\\/\\\/ksapa.org\\\/fr\\\/#website\"},\"primaryImageOfPage\":{\"@id\":\"https:\\\/\\\/ksapa.org\\\/fr\\\/evaluation-esg-reveler-la-valeur-cachee-des-actifs\\\/#primaryimage\"},\"image\":{\"@id\":\"https:\\\/\\\/ksapa.org\\\/fr\\\/evaluation-esg-reveler-la-valeur-cachee-des-actifs\\\/#primaryimage\"},\"thumbnailUrl\":\"https:\\\/\\\/ksapa.org\\\/fr\\\/wp-content\\\/uploads\\\/sites\\\/1\\\/2025\\\/03\\\/6766930-scaled.jpg\",\"datePublished\":\"2025-03-17T20:46:43+00:00\",\"dateModified\":\"2025-03-17T20:46:46+00:00\",\"description\":\"D\u00e9couvrez comment l'\u00e9valuation ad\u00e9quate des facteurs ESG peut prot\u00e9ger et valoriser vos actifs tout au long de leur cycle de vie.\",\"breadcrumb\":{\"@id\":\"https:\\\/\\\/ksapa.org\\\/fr\\\/evaluation-esg-reveler-la-valeur-cachee-des-actifs\\\/#breadcrumb\"},\"inLanguage\":\"fr-FR\",\"potentialAction\":[{\"@type\":\"ReadAction\",\"target\":[\"https:\\\/\\\/ksapa.org\\\/fr\\\/evaluation-esg-reveler-la-valeur-cachee-des-actifs\\\/\"]}]},{\"@type\":\"ImageObject\",\"inLanguage\":\"fr-FR\",\"@id\":\"https:\\\/\\\/ksapa.org\\\/fr\\\/evaluation-esg-reveler-la-valeur-cachee-des-actifs\\\/#primaryimage\",\"url\":\"https:\\\/\\\/ksapa.org\\\/fr\\\/wp-content\\\/uploads\\\/sites\\\/1\\\/2025\\\/03\\\/6766930-scaled.jpg\",\"contentUrl\":\"https:\\\/\\\/ksapa.org\\\/fr\\\/wp-content\\\/uploads\\\/sites\\\/1\\\/2025\\\/03\\\/6766930-scaled.jpg\",\"width\":2560,\"height\":1707,\"caption\":\"\u00c9valuation ESG : R\u00e9v\u00e9ler la Valeur Cach\u00e9e des Actifs\"},{\"@type\":\"BreadcrumbList\",\"@id\":\"https:\\\/\\\/ksapa.org\\\/fr\\\/evaluation-esg-reveler-la-valeur-cachee-des-actifs\\\/#breadcrumb\",\"itemListElement\":[{\"@type\":\"ListItem\",\"position\":1,\"name\":\"Home\",\"item\":\"https:\\\/\\\/ksapa.org\\\/fr\\\/\"},{\"@type\":\"ListItem\",\"position\":2,\"name\":\"\u00c9valuation ESG : R\u00e9v\u00e9ler la Valeur Cach\u00e9e des Actifs\"}]},{\"@type\":\"WebSite\",\"@id\":\"https:\\\/\\\/ksapa.org\\\/fr\\\/#website\",\"url\":\"https:\\\/\\\/ksapa.org\\\/fr\\\/\",\"name\":\"Ksapa - fr\",\"description\":\"\",\"publisher\":{\"@id\":\"https:\\\/\\\/ksapa.org\\\/fr\\\/#organization\"},\"potentialAction\":[{\"@type\":\"SearchAction\",\"target\":{\"@type\":\"EntryPoint\",\"urlTemplate\":\"https:\\\/\\\/ksapa.org\\\/fr\\\/?s={search_term_string}\"},\"query-input\":{\"@type\":\"PropertyValueSpecification\",\"valueRequired\":true,\"valueName\":\"search_term_string\"}}],\"inLanguage\":\"fr-FR\"},{\"@type\":\"Organization\",\"@id\":\"https:\\\/\\\/ksapa.org\\\/fr\\\/#organization\",\"name\":\"ksapa\",\"url\":\"https:\\\/\\\/ksapa.org\\\/fr\\\/\",\"logo\":{\"@type\":\"ImageObject\",\"inLanguage\":\"fr-FR\",\"@id\":\"https:\\\/\\\/ksapa.org\\\/fr\\\/#\\\/schema\\\/logo\\\/image\\\/\",\"url\":\"https:\\\/\\\/ksapa.org\\\/fr\\\/wp-content\\\/uploads\\\/sites\\\/1\\\/2019\\\/06\\\/icone-ksapa.jpg\",\"contentUrl\":\"https:\\\/\\\/ksapa.org\\\/fr\\\/wp-content\\\/uploads\\\/sites\\\/1\\\/2019\\\/06\\\/icone-ksapa.jpg\",\"width\":\"442\",\"height\":\"421\",\"caption\":\"ksapa\"},\"image\":{\"@id\":\"https:\\\/\\\/ksapa.org\\\/fr\\\/#\\\/schema\\\/logo\\\/image\\\/\"},\"sameAs\":[\"https:\\\/\\\/x.com\\\/KsapaOrg\"]},{\"@type\":\"Person\",\"@id\":\"https:\\\/\\\/ksapa.org\\\/fr\\\/#\\\/schema\\\/person\\\/04c46158d370e75b9ece9fe70d969403\",\"name\":\"Farid Baddache\",\"image\":{\"@type\":\"ImageObject\",\"inLanguage\":\"fr-FR\",\"@id\":\"https:\\\/\\\/ksapa.org\\\/fr\\\/wp-content\\\/uploads\\\/sites\\\/1\\\/2019\\\/02\\\/farid-baddache-blog-auteur-resilience-impact-inclusion.jpg\",\"url\":\"https:\\\/\\\/ksapa.org\\\/fr\\\/wp-content\\\/uploads\\\/sites\\\/1\\\/2019\\\/02\\\/farid-baddache-blog-auteur-resilience-impact-inclusion.jpg\",\"contentUrl\":\"https:\\\/\\\/ksapa.org\\\/fr\\\/wp-content\\\/uploads\\\/sites\\\/1\\\/2019\\\/02\\\/farid-baddache-blog-auteur-resilience-impact-inclusion.jpg\",\"caption\":\"Farid Baddache\"},\"description\":\"Pr\u00e9sident et Cofondateur. Auteur de diff\u00e9rents ouvrages sur les questions de RSE et d\u00e9veloppement durable. Expert international reconnu, Farid Baddache travaille \u00e0 l\u2019int\u00e9gration des questions de droits de l\u2019Homme et de climat comme leviers de r\u00e9silience et de comp\u00e9titivit\u00e9 des entreprises. Restez connect\u00e9s avec Farid Baddache sur Twitter @Fbaddache.\",\"sameAs\":[\"http:\\\/\\\/www.ksapa.org\",\"https:\\\/\\\/x.com\\\/Fbaddache\"],\"url\":\"https:\\\/\\\/ksapa.org\\\/fr\\\/author\\\/faridb\\\/\"}]}<\/script>\n<!-- \/ Yoast SEO plugin. -->","yoast_head_json":{"title":"\u00c9valuation ESG : R\u00e9v\u00e9ler la Valeur Cach\u00e9e des Actifs","description":"D\u00e9couvrez comment l'\u00e9valuation ad\u00e9quate des facteurs ESG peut prot\u00e9ger et valoriser vos actifs tout au long de leur cycle de vie.","robots":{"index":"index","follow":"follow","max-snippet":"max-snippet:-1","max-image-preview":"max-image-preview:large","max-video-preview":"max-video-preview:-1"},"canonical":"https:\/\/ksapa.org\/fr\/evaluation-esg-reveler-la-valeur-cachee-des-actifs\/","og_locale":"fr_FR","og_type":"article","og_title":"\u00c9valuation ESG : R\u00e9v\u00e9ler la Valeur Cach\u00e9e des Actifs","og_description":"D\u00e9couvrez comment l'\u00e9valuation ad\u00e9quate des facteurs ESG peut prot\u00e9ger et valoriser vos actifs tout au long de leur cycle de vie.","og_url":"https:\/\/ksapa.org\/fr\/evaluation-esg-reveler-la-valeur-cachee-des-actifs\/","og_site_name":"Ksapa - fr","article_published_time":"2025-03-17T20:46:43+00:00","article_modified_time":"2025-03-17T20:46:46+00:00","og_image":[{"width":2560,"height":1707,"url":"https:\/\/ksapa.org\/fr\/wp-content\/uploads\/sites\/1\/2025\/03\/6766930-scaled.jpg","type":"image\/jpeg"}],"author":"Farid Baddache","twitter_card":"summary_large_image","twitter_creator":"@Fbaddache","twitter_site":"@KsapaOrg","twitter_misc":{"\u00c9crit par":"Farid Baddache","Dur\u00e9e de lecture estim\u00e9e":"4 minutes"},"schema":{"@context":"https:\/\/schema.org","@graph":[{"@type":"Article","@id":"https:\/\/ksapa.org\/fr\/evaluation-esg-reveler-la-valeur-cachee-des-actifs\/#article","isPartOf":{"@id":"https:\/\/ksapa.org\/fr\/evaluation-esg-reveler-la-valeur-cachee-des-actifs\/"},"author":{"name":"Farid Baddache","@id":"https:\/\/ksapa.org\/fr\/#\/schema\/person\/04c46158d370e75b9ece9fe70d969403"},"headline":"\u00c9valuation ESG : R\u00e9v\u00e9ler la Valeur Cach\u00e9e des Actifs","datePublished":"2025-03-17T20:46:43+00:00","dateModified":"2025-03-17T20:46:46+00:00","mainEntityOfPage":{"@id":"https:\/\/ksapa.org\/fr\/evaluation-esg-reveler-la-valeur-cachee-des-actifs\/"},"wordCount":802,"commentCount":0,"publisher":{"@id":"https:\/\/ksapa.org\/fr\/#organization"},"image":{"@id":"https:\/\/ksapa.org\/fr\/evaluation-esg-reveler-la-valeur-cachee-des-actifs\/#primaryimage"},"thumbnailUrl":"https:\/\/ksapa.org\/fr\/wp-content\/uploads\/sites\/1\/2025\/03\/6766930-scaled.jpg","keywords":["Comp\u00e9titivit\u00e9","ESG","esg impact investing","Externalit\u00e9s","Partie prenante"],"articleSection":["Finance Durable et ESG","Responsabilit\u00e9 Soci\u00e9tale et Environnementale (RSE)"],"inLanguage":"fr-FR","potentialAction":[{"@type":"CommentAction","name":"Comment","target":["https:\/\/ksapa.org\/fr\/evaluation-esg-reveler-la-valeur-cachee-des-actifs\/#respond"]}]},{"@type":"WebPage","@id":"https:\/\/ksapa.org\/fr\/evaluation-esg-reveler-la-valeur-cachee-des-actifs\/","url":"https:\/\/ksapa.org\/fr\/evaluation-esg-reveler-la-valeur-cachee-des-actifs\/","name":"\u00c9valuation ESG : R\u00e9v\u00e9ler la Valeur Cach\u00e9e des Actifs","isPartOf":{"@id":"https:\/\/ksapa.org\/fr\/#website"},"primaryImageOfPage":{"@id":"https:\/\/ksapa.org\/fr\/evaluation-esg-reveler-la-valeur-cachee-des-actifs\/#primaryimage"},"image":{"@id":"https:\/\/ksapa.org\/fr\/evaluation-esg-reveler-la-valeur-cachee-des-actifs\/#primaryimage"},"thumbnailUrl":"https:\/\/ksapa.org\/fr\/wp-content\/uploads\/sites\/1\/2025\/03\/6766930-scaled.jpg","datePublished":"2025-03-17T20:46:43+00:00","dateModified":"2025-03-17T20:46:46+00:00","description":"D\u00e9couvrez comment l'\u00e9valuation ad\u00e9quate des facteurs ESG peut prot\u00e9ger et valoriser vos actifs tout au long de leur cycle de vie.","breadcrumb":{"@id":"https:\/\/ksapa.org\/fr\/evaluation-esg-reveler-la-valeur-cachee-des-actifs\/#breadcrumb"},"inLanguage":"fr-FR","potentialAction":[{"@type":"ReadAction","target":["https:\/\/ksapa.org\/fr\/evaluation-esg-reveler-la-valeur-cachee-des-actifs\/"]}]},{"@type":"ImageObject","inLanguage":"fr-FR","@id":"https:\/\/ksapa.org\/fr\/evaluation-esg-reveler-la-valeur-cachee-des-actifs\/#primaryimage","url":"https:\/\/ksapa.org\/fr\/wp-content\/uploads\/sites\/1\/2025\/03\/6766930-scaled.jpg","contentUrl":"https:\/\/ksapa.org\/fr\/wp-content\/uploads\/sites\/1\/2025\/03\/6766930-scaled.jpg","width":2560,"height":1707,"caption":"\u00c9valuation ESG : R\u00e9v\u00e9ler la Valeur Cach\u00e9e des Actifs"},{"@type":"BreadcrumbList","@id":"https:\/\/ksapa.org\/fr\/evaluation-esg-reveler-la-valeur-cachee-des-actifs\/#breadcrumb","itemListElement":[{"@type":"ListItem","position":1,"name":"Home","item":"https:\/\/ksapa.org\/fr\/"},{"@type":"ListItem","position":2,"name":"\u00c9valuation ESG : R\u00e9v\u00e9ler la Valeur Cach\u00e9e des Actifs"}]},{"@type":"WebSite","@id":"https:\/\/ksapa.org\/fr\/#website","url":"https:\/\/ksapa.org\/fr\/","name":"Ksapa - fr","description":"","publisher":{"@id":"https:\/\/ksapa.org\/fr\/#organization"},"potentialAction":[{"@type":"SearchAction","target":{"@type":"EntryPoint","urlTemplate":"https:\/\/ksapa.org\/fr\/?s={search_term_string}"},"query-input":{"@type":"PropertyValueSpecification","valueRequired":true,"valueName":"search_term_string"}}],"inLanguage":"fr-FR"},{"@type":"Organization","@id":"https:\/\/ksapa.org\/fr\/#organization","name":"ksapa","url":"https:\/\/ksapa.org\/fr\/","logo":{"@type":"ImageObject","inLanguage":"fr-FR","@id":"https:\/\/ksapa.org\/fr\/#\/schema\/logo\/image\/","url":"https:\/\/ksapa.org\/fr\/wp-content\/uploads\/sites\/1\/2019\/06\/icone-ksapa.jpg","contentUrl":"https:\/\/ksapa.org\/fr\/wp-content\/uploads\/sites\/1\/2019\/06\/icone-ksapa.jpg","width":"442","height":"421","caption":"ksapa"},"image":{"@id":"https:\/\/ksapa.org\/fr\/#\/schema\/logo\/image\/"},"sameAs":["https:\/\/x.com\/KsapaOrg"]},{"@type":"Person","@id":"https:\/\/ksapa.org\/fr\/#\/schema\/person\/04c46158d370e75b9ece9fe70d969403","name":"Farid Baddache","image":{"@type":"ImageObject","inLanguage":"fr-FR","@id":"https:\/\/ksapa.org\/fr\/wp-content\/uploads\/sites\/1\/2019\/02\/farid-baddache-blog-auteur-resilience-impact-inclusion.jpg","url":"https:\/\/ksapa.org\/fr\/wp-content\/uploads\/sites\/1\/2019\/02\/farid-baddache-blog-auteur-resilience-impact-inclusion.jpg","contentUrl":"https:\/\/ksapa.org\/fr\/wp-content\/uploads\/sites\/1\/2019\/02\/farid-baddache-blog-auteur-resilience-impact-inclusion.jpg","caption":"Farid Baddache"},"description":"Pr\u00e9sident et Cofondateur. Auteur de diff\u00e9rents ouvrages sur les questions de RSE et d\u00e9veloppement durable. Expert international reconnu, Farid Baddache travaille \u00e0 l\u2019int\u00e9gration des questions de droits de l\u2019Homme et de climat comme leviers de r\u00e9silience et de comp\u00e9titivit\u00e9 des entreprises. Restez connect\u00e9s avec Farid Baddache sur Twitter @Fbaddache.","sameAs":["http:\/\/www.ksapa.org","https:\/\/x.com\/Fbaddache"],"url":"https:\/\/ksapa.org\/fr\/author\/faridb\/"}]}},"_links":{"self":[{"href":"https:\/\/ksapa.org\/fr\/wp-json\/wp\/v2\/posts\/10334","targetHints":{"allow":["GET"]}}],"collection":[{"href":"https:\/\/ksapa.org\/fr\/wp-json\/wp\/v2\/posts"}],"about":[{"href":"https:\/\/ksapa.org\/fr\/wp-json\/wp\/v2\/types\/post"}],"author":[{"embeddable":true,"href":"https:\/\/ksapa.org\/fr\/wp-json\/wp\/v2\/users\/2"}],"replies":[{"embeddable":true,"href":"https:\/\/ksapa.org\/fr\/wp-json\/wp\/v2\/comments?post=10334"}],"version-history":[{"count":3,"href":"https:\/\/ksapa.org\/fr\/wp-json\/wp\/v2\/posts\/10334\/revisions"}],"predecessor-version":[{"id":10338,"href":"https:\/\/ksapa.org\/fr\/wp-json\/wp\/v2\/posts\/10334\/revisions\/10338"}],"wp:featuredmedia":[{"embeddable":true,"href":"https:\/\/ksapa.org\/fr\/wp-json\/wp\/v2\/media\/10335"}],"wp:attachment":[{"href":"https:\/\/ksapa.org\/fr\/wp-json\/wp\/v2\/media?parent=10334"}],"wp:term":[{"taxonomy":"category","embeddable":true,"href":"https:\/\/ksapa.org\/fr\/wp-json\/wp\/v2\/categories?post=10334"},{"taxonomy":"post_tag","embeddable":true,"href":"https:\/\/ksapa.org\/fr\/wp-json\/wp\/v2\/tags?post=10334"}],"curies":[{"name":"wp","href":"https:\/\/api.w.org\/{rel}","templated":true}]}}