{"id":11491,"date":"2026-04-27T10:12:14","date_gmt":"2026-04-27T09:12:14","guid":{"rendered":"https:\/\/ksapa.org\/fr\/?p=11491"},"modified":"2026-04-27T10:12:14","modified_gmt":"2026-04-27T09:12:14","slug":"g7-environnement-le-climat-sans-le-dire","status":"publish","type":"post","link":"https:\/\/ksapa.org\/fr\/g7-environnement-le-climat-sans-le-dire\/","title":{"rendered":"G7 Environnement : le climat sans le dire"},"content":{"rendered":"\n<p><strong>\u00c0 \u00c9vian-les-Bains en juin 2026, la France pr\u00e9side un G7 sous tension. Le sommet des leaders a \u00e9vit\u00e9, comme \u00e0 Kananaskis en 2025, de nommer explicitement le d\u00e9r\u00e8glement climatique dans ses grandes d\u00e9clarations. Et pourtant : le stress hydrique figure au c\u0153ur des n\u00e9gociations, les march\u00e9s d&rsquo;assurance se fracturent sous la pression des \u00e9v\u00e9nements extr\u00eames, et les cha\u00eenes d&rsquo;approvisionnement mondiales absorbent, bon an mal an, des chocs que la diplomatie n&rsquo;ose plus qualifier. Le paradoxe est saisissant : on peut ne pas prononcer le mot \u00ab climat \u00bb et ne parler que de lui. Pour les administrateurs d&rsquo;entreprise, ce d\u00e9ni s\u00e9mantique ne change rien \u00e0 la r\u00e9alit\u00e9 juridique : la responsabilit\u00e9 fiduciaire ne se n\u00e9gocie pas au gr\u00e9 des tabous politiques.<\/strong><\/p>\n\n\n\n<h2 class=\"wp-block-heading\">Quand le G7 parle de tout sauf du climat \u2014 et ne parle que de lui<\/h2>\n\n\n\n<p>La s\u00e9quence est d\u00e9sormais bien rod\u00e9e. Au sommet de Kananaskis en 2025, les leaders du G7 ont \u00e9vacu\u00e9 le terme \u00ab changement climatique \u00bb de leurs principales d\u00e9clarations, pr\u00e9f\u00e9rant \u00e9voquer les feux de for\u00eat \u00ab d\u00e9vastateurs \u00bb, la s\u00e9curit\u00e9 \u00e9nerg\u00e9tique ou la r\u00e9silience des infrastructures. L&rsquo;Institut international du d\u00e9veloppement durable l&rsquo;a formul\u00e9 sans d\u00e9tour : \u00ab Le G7 a esquiv\u00e9 le changement climatique dans les d\u00e9clarations des leaders, malgr\u00e9 la reconnaissance de l&rsquo;intensification des incendies. \u00bb En 2026, sous pr\u00e9sidence fran\u00e7aise, la contrainte politique est identique, voire aggrav\u00e9e par les pressions commerciales am\u00e9ricaines et les divergences internes au sein du groupe.<\/p>\n\n\n\n<p>Mais regardons ce qui s&rsquo;est effectivement discut\u00e9 lors de ces r\u00e9unions minist\u00e9rielles. En octobre 2025 \u00e0 Toronto, les ministres de l&rsquo;Environnement du G7 ont inscrit \u00e0 l&rsquo;ordre du jour la gestion du stress hydrique, les syst\u00e8mes d&rsquo;alerte pr\u00e9coce face aux \u00e9v\u00e9nements extr\u00eames, et la mobilisation de financements priv\u00e9s pour la r\u00e9silience climatique. Le G7 Water Coalition Workplan, adopt\u00e9 sous pr\u00e9sidence canadienne, engage les membres \u00e0 coop\u00e9rer sur la s\u00e9curit\u00e9 de l&rsquo;eau, la pr\u00e9vention de la pollution et les risques hydriques li\u00e9s au d\u00e9r\u00e8glement. La Banque de France, dans le cadre de la pr\u00e9sidence fran\u00e7aise, a \u00e9t\u00e9 mandat\u00e9e par le NGFS pour produire une note technique sur les cons\u00e9quences \u00e9conomiques des \u00e9v\u00e9nements m\u00e9t\u00e9orologiques extr\u00eames survenus entre 2016 et 2025, en vue de mieux \u00e9valuer les lacunes de couverture assurantielle.<\/p>\n\n\n\n<p>Ce n&rsquo;est pas un paradoxe rh\u00e9torique. C&rsquo;est une cartographie exacte du monde r\u00e9el : les effets du d\u00e9r\u00e8glement climatique progressent ind\u00e9pendamment du consensus politique sur leur cause. Les \u00e9conomies des pays du G7 absorbent des pertes de productivit\u00e9 agricole, des hausses de sinistralit\u00e9 et des ruptures logistiques que nulle formule diplomatique ne peut conjurer. La Banque de France l&rsquo;a dit lors de sa conf\u00e9rence de mars 2026 sur les risques climatiques et naturels : \u00ab Les risques physiques, li\u00e9s au climat ou \u00e0 la d\u00e9gradation des \u00e9cosyst\u00e8mes, ne sont plus une pr\u00e9occupation lointaine. Ils perturbent d\u00e9j\u00e0 l&rsquo;activit\u00e9 \u00e9conomique et affectent l&rsquo;inflation, la productivit\u00e9 et la soutenabilit\u00e9 fiscale. \u00bb<\/p>\n\n\n\n<p>Pour Ksapa, cette dissociation entre le discours et la r\u00e9alit\u00e9 constitue pr\u00e9cis\u00e9ment le n\u0153ud du probl\u00e8me pour les d\u00e9cideurs priv\u00e9s. Lorsque les gouvernements renoncent \u00e0 nommer le risque, ils transf\u00e8rent implicitement la charge de sa gestion vers les acteurs \u00e9conomiques \u2014 et vers leurs conseils d&rsquo;administration.<\/p>\n\n\n\n<h2 class=\"wp-block-heading\">Stress hydrique et co\u00fbt assurantiel : deux signaux que l&rsquo;\u00e9conomie enregistre \u00e0 la place des politiques<\/h2>\n\n\n\n<p>Le stress hydrique est l&rsquo;un des exemples les plus \u00e9loquents de cette traduction silencieuse. \u00c0 l&rsquo;\u00e9chelle mondiale, la moiti\u00e9 du PIB mondial d\u00e9pend directement ou indirectement de la nature et des services \u00e9cosyst\u00e9miques \u2014 dont la disponibilit\u00e9 en eau douce. Le G7 le reconna\u00eet dans ses documents techniques, m\u00eame quand ses communiqu\u00e9s leaders l&rsquo;omettent. Les cons\u00e9quences pour les cha\u00eenes d&rsquo;approvisionnement sont imm\u00e9diates : s\u00e9cheresses en cascade dans les bassins agricoles europ\u00e9ens, pression sur les fili\u00e8res textiles en Asie du Sud, tensions sur la production d&rsquo;\u00e9nergie hydraulique dans des \u00e9conomies enti\u00e8res. Les entreprises multinationales qui s&rsquo;approvisionnent dans ces zones n&rsquo;ont pas attendu la r\u00e9solution diplomatique pour constater la hausse de leurs co\u00fbts op\u00e9rationnels.<\/p>\n\n\n\n<p>Le march\u00e9 assurantiel, lui, est un indicateur encore plus brutal. Il ne vote pas, ne n\u00e9gocie pas de communiqu\u00e9s, et n&rsquo;h\u00e9site pas \u00e0 quitter les march\u00e9s devenus trop risqu\u00e9s. En 2026, la Banque de France pilote, pour le compte de la pr\u00e9sidence fran\u00e7aise du G7, des travaux sp\u00e9cifiques sur les \u00ab lacunes de protection assurantielle \u00bb dans les \u00e9conomies d\u00e9velopp\u00e9es \u2014 autrement dit, les zones g\u00e9ographiques ou les actifs que les assureurs ne couvrent plus faute de mod\u00e8les de risque viables. Ce ph\u00e9nom\u00e8ne n&rsquo;est plus cantonn\u00e9 aux pays en d\u00e9veloppement : il touche d\u00e9sormais certains littoraux europ\u00e9ens, des zones agricoles soumises \u00e0 des s\u00e9cheresses r\u00e9currentes, et des actifs industriels expos\u00e9s \u00e0 des \u00e9v\u00e9nements de type catastrophe naturelle \u00e0 fr\u00e9quence croissante.<\/p>\n\n\n\n<p>Pour les entreprises, le recul des assureurs n&rsquo;est pas une donn\u00e9e abstraite. Il se traduit concr\u00e8tement par une hausse des franchises, une r\u00e9duction des plafonds de couverture, voire une impossibilit\u00e9 d&rsquo;obtenir certaines polices. Les actifs non assur\u00e9s deviennent des passifs potentiels dans les bilans. Les projets d&rsquo;investissement dans des zones expos\u00e9es voient leur co\u00fbt du capital augmenter. Les agences de notation int\u00e8grent progressivement ces param\u00e8tres dans leurs \u00e9valuations. Le march\u00e9 parle le langage du risque physique climatique m\u00eame quand les sommets \u00e9vitent de l&rsquo;articuler.<\/p>\n\n\n\n<p>Le m\u00eame raisonnement s&rsquo;applique aux cha\u00eenes d&rsquo;approvisionnement. Les programmes de Ksapa dans les fili\u00e8res agro-alimentaires \u2014 caoutchouc naturel en Indon\u00e9sie, cocotier aux Philippines, huile de palme r\u00e9g\u00e9n\u00e9rative en Sumatra \u2014 le confirment au quotidien : les petits producteurs absorbent en premier les chocs climatiques, mais les perturbations remontent in\u00e9vitablement vers les multinationales qui les sourcent. La loi fran\u00e7aise sur le devoir de vigilance et la directive europ\u00e9enne CS3D ne font que codifier une r\u00e9alit\u00e9 op\u00e9rationnelle d\u00e9j\u00e0 pr\u00e9sente : les risques climatiques dans les cha\u00eenes de valeur sont des risques d&rsquo;entreprise, et leur non-gestion engage la responsabilit\u00e9 des donneurs d&rsquo;ordre.<\/p>\n\n\n\n<h2 class=\"wp-block-heading\">La responsabilit\u00e9 des administrateurs : ce que le tabou politique ne saurait effacer<\/h2>\n\n\n\n<p>C&rsquo;est ici que la posture du G7 \u2014 dire sans dire \u2014 produit ses effets les plus pernicieux pour les dirigeants d&rsquo;entreprise. Car si les gouvernements peuvent, politiquement, choisir d&rsquo;euph\u00e9miser le risque climatique, les administrateurs, eux, n&rsquo;en ont pas la facult\u00e9 juridique. Leur obligation fiduciaire les contraint \u00e0 identifier, \u00e9valuer et traiter les risques mat\u00e9riels pour leur organisation \u2014 qu&rsquo;ils soient nomm\u00e9s dans les communiqu\u00e9s diplomatiques ou non.<\/p>\n\n\n\n<p>La jurisprudence internationale se pr\u00e9cise. Les obligations de divulgation li\u00e9es au climat \u2014 port\u00e9es par la CSRD en Europe, par les exigences de la SEC aux \u00c9tats-Unis, par les cadres TCFD et TNFD \u2014 cr\u00e9ent un corpus normatif croissant que les tribunaux commencent \u00e0 mobiliser. En 2026, les assureurs en responsabilit\u00e9 civile des dirigeants (D&amp;O) recensent la mont\u00e9e en puissance des litiges li\u00e9s aux d\u00e9clarations de durabilit\u00e9 : toute incoh\u00e9rence entre les engagements publics d&rsquo;une entreprise et ses divulgations financi\u00e8res peut g\u00e9n\u00e9rer des actions en justice, des enqu\u00eates r\u00e9glementaires ou des demandes de documents qui exposent les administrateurs \u00e0 titre personnel.<\/p>\n\n\n\n<p>Plus profond\u00e9ment, les administrateurs ne peuvent se retrancher derri\u00e8re l&rsquo;ambigu\u00eft\u00e9 politique. Lorsque la Banque de France indique que les risques physiques \u00ab perturbent d\u00e9j\u00e0 l&rsquo;activit\u00e9 \u00e9conomique \u00bb, lorsque les march\u00e9s assurantiels se r\u00e9tractent sur des zones enti\u00e8res, lorsque les agences de notation int\u00e8grent les risques climatiques dans leurs mod\u00e8les \u2014 l&rsquo;argument selon lequel \u00ab nous n&rsquo;avions pas l&rsquo;information \u00bb devient intenable. La mat\u00e9rialit\u00e9 du risque est \u00e9tablie. L&rsquo;attente l\u00e9gitime de diligence des administrateurs est document\u00e9e. Ce qui n&rsquo;est pas dit dans un communiqu\u00e9 du G7 ne dispara\u00eet pas du p\u00e9rim\u00e8tre de responsabilit\u00e9 d&rsquo;un conseil d&rsquo;administration.<\/p>\n\n\n\n<p>La cartographie des risques climatiques dans les cha\u00eenes de valeur, l&rsquo;int\u00e9gration du stress hydrique dans les plans de continuit\u00e9 d&rsquo;activit\u00e9, la v\u00e9rification de l&rsquo;ad\u00e9quation des couvertures assurantielles face aux nouveaux al\u00e9as \u2014 toutes ces d\u00e9marches rel\u00e8vent d\u00e9sormais du standard de bonne gouvernance. Non pas parce qu&rsquo;un accord international l&rsquo;impose explicitement, mais parce que les cons\u00e9quences \u00e9conomiques sont l\u00e0, mesurables, et que la responsabilit\u00e9 des administrateurs s&rsquo;appr\u00e9cie au regard de ce qu&rsquo;ils pouvaient raisonnablement savoir et anticiper.<\/p>\n\n\n\n<p>C&rsquo;est pr\u00e9cis\u00e9ment dans cet espace \u2014 entre le discours diplomatique et la r\u00e9alit\u00e9 \u00e9conomique \u2014 que Ksapa op\u00e8re. Nos programmes de due diligence sur les droits humains et l&rsquo;environnement, nos outils de cartographie des risques dans les cha\u00eenes d&rsquo;approvisionnement, et notre plateforme SUTTI d&rsquo;engagement des acteurs de terrain constituent autant de leviers pour que les entreprises transforment une exposition diffuse en gestion ma\u00eetris\u00e9e. Au G7 Environnement d&rsquo;\u00c9vian et au-del\u00e0, la question n&rsquo;est pas de savoir si le mot \u00ab climat \u00bb figure dans le communiqu\u00e9 final. Elle est de savoir si les conseils d&rsquo;administration ont fait leur devoir de connaissance \u2014 et si leurs entreprises sont pr\u00eates \u00e0 rendre des comptes.<\/p>\n\n\n\n<p><em>\u2192 Vous souhaitez \u00e9valuer l&rsquo;exposition de votre organisation aux risques climatiques physiques dans vos cha\u00eenes de valeur ? Contactez les \u00e9quipes Ksapa pour un diagnostic de cartographie des risques et une revue de vos obligations de vigilance au regard des cadres CSRD, CS3D et du devoir de vigilance fran\u00e7ais.<\/em><\/p>\n","protected":false},"excerpt":{"rendered":"<p>D\u00e9couvrez comment le co\u00fbt total de possession (TCO) permet d&rsquo;ancrer l&rsquo;investissement ESG dans sa valeur transformative<\/p>\n","protected":false},"author":2,"featured_media":11492,"comment_status":"open","ping_status":"open","sticky":false,"template":"","format":"standard","meta":{"footnotes":""},"categories":[2683,8,2693,10,2684,11,2696,215,20],"tags":[136,406,142],"class_list":["post-11491","post","type-post","status-publish","format-standard","has-post-thumbnail","hentry","category-changement-climatique","category-conseil-dadministration","category-consommation-responsable","category-developpement-durable","category-devoir-de-vigilance","category-droits-de-lhomme","category-finance-durable-esg","category-impact","category-rse","tag-competitivite","tag-esg","tag-externalites"],"yoast_head":"<!-- This site is optimized with the Yoast SEO plugin v27.3 - https:\/\/yoast.com\/product\/yoast-seo-wordpress\/ -->\n<title>G7 Environnement : le climat sans le dire<\/title>\n<meta name=\"description\" content=\"Stress hydrique, co\u00fbt assurantiel, supply chains: le G7 2026 parlera de tout sauf du climat alors que ses cons\u00e9quences sont partout.\" \/>\n<meta name=\"robots\" content=\"index, follow, max-snippet:-1, max-image-preview:large, max-video-preview:-1\" \/>\n<link rel=\"canonical\" href=\"https:\/\/ksapa.org\/fr\/g7-environnement-le-climat-sans-le-dire\/\" \/>\n<meta property=\"og:locale\" content=\"fr_FR\" \/>\n<meta property=\"og:type\" content=\"article\" \/>\n<meta property=\"og:title\" content=\"G7 Environnement : le climat sans le dire\" \/>\n<meta property=\"og:description\" content=\"Stress hydrique, co\u00fbt assurantiel, supply chains: le G7 2026 parlera de tout sauf du climat alors que ses cons\u00e9quences sont partout.\" \/>\n<meta property=\"og:url\" content=\"https:\/\/ksapa.org\/fr\/g7-environnement-le-climat-sans-le-dire\/\" \/>\n<meta property=\"og:site_name\" content=\"Ksapa - fr\" \/>\n<meta property=\"article:published_time\" content=\"2026-04-27T09:12:14+00:00\" \/>\n<meta property=\"og:image\" content=\"https:\/\/ksapa.org\/fr\/wp-content\/uploads\/sites\/1\/2026\/04\/g7_fondvisio5_cle8c671d-eefe9.jpg\" \/>\n\t<meta property=\"og:image:width\" content=\"1200\" \/>\n\t<meta property=\"og:image:height\" content=\"628\" \/>\n\t<meta property=\"og:image:type\" content=\"image\/jpeg\" \/>\n<meta name=\"author\" content=\"Farid Baddache\" \/>\n<meta name=\"twitter:card\" content=\"summary_large_image\" \/>\n<meta name=\"twitter:creator\" content=\"@Fbaddache\" \/>\n<meta name=\"twitter:site\" content=\"@KsapaOrg\" \/>\n<meta name=\"twitter:label1\" content=\"\u00c9crit par\" \/>\n\t<meta name=\"twitter:data1\" content=\"Farid Baddache\" \/>\n\t<meta name=\"twitter:label2\" content=\"Dur\u00e9e de lecture estim\u00e9e\" \/>\n\t<meta name=\"twitter:data2\" content=\"8 minutes\" \/>\n<script type=\"application\/ld+json\" class=\"yoast-schema-graph\">{\"@context\":\"https:\\\/\\\/schema.org\",\"@graph\":[{\"@type\":\"Article\",\"@id\":\"https:\\\/\\\/ksapa.org\\\/fr\\\/g7-environnement-le-climat-sans-le-dire\\\/#article\",\"isPartOf\":{\"@id\":\"https:\\\/\\\/ksapa.org\\\/fr\\\/g7-environnement-le-climat-sans-le-dire\\\/\"},\"author\":{\"name\":\"Farid Baddache\",\"@id\":\"https:\\\/\\\/ksapa.org\\\/fr\\\/#\\\/schema\\\/person\\\/04c46158d370e75b9ece9fe70d969403\"},\"headline\":\"G7 Environnement : le climat sans le dire\",\"datePublished\":\"2026-04-27T09:12:14+00:00\",\"mainEntityOfPage\":{\"@id\":\"https:\\\/\\\/ksapa.org\\\/fr\\\/g7-environnement-le-climat-sans-le-dire\\\/\"},\"wordCount\":1652,\"commentCount\":0,\"publisher\":{\"@id\":\"https:\\\/\\\/ksapa.org\\\/fr\\\/#organization\"},\"image\":{\"@id\":\"https:\\\/\\\/ksapa.org\\\/fr\\\/g7-environnement-le-climat-sans-le-dire\\\/#primaryimage\"},\"thumbnailUrl\":\"https:\\\/\\\/ksapa.org\\\/fr\\\/wp-content\\\/uploads\\\/sites\\\/1\\\/2026\\\/04\\\/g7_fondvisio5_cle8c671d-eefe9.jpg\",\"keywords\":[\"Comp\u00e9titivit\u00e9\",\"ESG\",\"Externalit\u00e9s\"],\"articleSection\":[\"Changement climatique\",\"Conseil d'Administration\",\"Consommation Responsable\",\"D\u00e9veloppement Durable\",\"Devoir de Vigilance\",\"Droits de l'Homme\",\"Finance Durable et ESG\",\"Impact\",\"Responsabilit\u00e9 Soci\u00e9tale et Environnementale (RSE)\"],\"inLanguage\":\"fr-FR\",\"potentialAction\":[{\"@type\":\"CommentAction\",\"name\":\"Comment\",\"target\":[\"https:\\\/\\\/ksapa.org\\\/fr\\\/g7-environnement-le-climat-sans-le-dire\\\/#respond\"]}]},{\"@type\":\"WebPage\",\"@id\":\"https:\\\/\\\/ksapa.org\\\/fr\\\/g7-environnement-le-climat-sans-le-dire\\\/\",\"url\":\"https:\\\/\\\/ksapa.org\\\/fr\\\/g7-environnement-le-climat-sans-le-dire\\\/\",\"name\":\"G7 Environnement : le climat sans le dire\",\"isPartOf\":{\"@id\":\"https:\\\/\\\/ksapa.org\\\/fr\\\/#website\"},\"primaryImageOfPage\":{\"@id\":\"https:\\\/\\\/ksapa.org\\\/fr\\\/g7-environnement-le-climat-sans-le-dire\\\/#primaryimage\"},\"image\":{\"@id\":\"https:\\\/\\\/ksapa.org\\\/fr\\\/g7-environnement-le-climat-sans-le-dire\\\/#primaryimage\"},\"thumbnailUrl\":\"https:\\\/\\\/ksapa.org\\\/fr\\\/wp-content\\\/uploads\\\/sites\\\/1\\\/2026\\\/04\\\/g7_fondvisio5_cle8c671d-eefe9.jpg\",\"datePublished\":\"2026-04-27T09:12:14+00:00\",\"description\":\"Stress hydrique, co\u00fbt assurantiel, supply chains: le G7 2026 parlera de tout sauf du climat alors que ses cons\u00e9quences sont partout.\",\"breadcrumb\":{\"@id\":\"https:\\\/\\\/ksapa.org\\\/fr\\\/g7-environnement-le-climat-sans-le-dire\\\/#breadcrumb\"},\"inLanguage\":\"fr-FR\",\"potentialAction\":[{\"@type\":\"ReadAction\",\"target\":[\"https:\\\/\\\/ksapa.org\\\/fr\\\/g7-environnement-le-climat-sans-le-dire\\\/\"]}]},{\"@type\":\"ImageObject\",\"inLanguage\":\"fr-FR\",\"@id\":\"https:\\\/\\\/ksapa.org\\\/fr\\\/g7-environnement-le-climat-sans-le-dire\\\/#primaryimage\",\"url\":\"https:\\\/\\\/ksapa.org\\\/fr\\\/wp-content\\\/uploads\\\/sites\\\/1\\\/2026\\\/04\\\/g7_fondvisio5_cle8c671d-eefe9.jpg\",\"contentUrl\":\"https:\\\/\\\/ksapa.org\\\/fr\\\/wp-content\\\/uploads\\\/sites\\\/1\\\/2026\\\/04\\\/g7_fondvisio5_cle8c671d-eefe9.jpg\",\"width\":1200,\"height\":628,\"caption\":\"G7 Environnement : le climat sans le dire\"},{\"@type\":\"BreadcrumbList\",\"@id\":\"https:\\\/\\\/ksapa.org\\\/fr\\\/g7-environnement-le-climat-sans-le-dire\\\/#breadcrumb\",\"itemListElement\":[{\"@type\":\"ListItem\",\"position\":1,\"name\":\"Home\",\"item\":\"https:\\\/\\\/ksapa.org\\\/fr\\\/\"},{\"@type\":\"ListItem\",\"position\":2,\"name\":\"G7 Environnement : le climat sans le dire\"}]},{\"@type\":\"WebSite\",\"@id\":\"https:\\\/\\\/ksapa.org\\\/fr\\\/#website\",\"url\":\"https:\\\/\\\/ksapa.org\\\/fr\\\/\",\"name\":\"Ksapa - fr\",\"description\":\"\",\"publisher\":{\"@id\":\"https:\\\/\\\/ksapa.org\\\/fr\\\/#organization\"},\"potentialAction\":[{\"@type\":\"SearchAction\",\"target\":{\"@type\":\"EntryPoint\",\"urlTemplate\":\"https:\\\/\\\/ksapa.org\\\/fr\\\/?s={search_term_string}\"},\"query-input\":{\"@type\":\"PropertyValueSpecification\",\"valueRequired\":true,\"valueName\":\"search_term_string\"}}],\"inLanguage\":\"fr-FR\"},{\"@type\":\"Organization\",\"@id\":\"https:\\\/\\\/ksapa.org\\\/fr\\\/#organization\",\"name\":\"ksapa\",\"url\":\"https:\\\/\\\/ksapa.org\\\/fr\\\/\",\"logo\":{\"@type\":\"ImageObject\",\"inLanguage\":\"fr-FR\",\"@id\":\"https:\\\/\\\/ksapa.org\\\/fr\\\/#\\\/schema\\\/logo\\\/image\\\/\",\"url\":\"https:\\\/\\\/ksapa.org\\\/fr\\\/wp-content\\\/uploads\\\/sites\\\/1\\\/2019\\\/06\\\/icone-ksapa.jpg\",\"contentUrl\":\"https:\\\/\\\/ksapa.org\\\/fr\\\/wp-content\\\/uploads\\\/sites\\\/1\\\/2019\\\/06\\\/icone-ksapa.jpg\",\"width\":\"442\",\"height\":\"421\",\"caption\":\"ksapa\"},\"image\":{\"@id\":\"https:\\\/\\\/ksapa.org\\\/fr\\\/#\\\/schema\\\/logo\\\/image\\\/\"},\"sameAs\":[\"https:\\\/\\\/x.com\\\/KsapaOrg\"]},{\"@type\":\"Person\",\"@id\":\"https:\\\/\\\/ksapa.org\\\/fr\\\/#\\\/schema\\\/person\\\/04c46158d370e75b9ece9fe70d969403\",\"name\":\"Farid Baddache\",\"image\":{\"@type\":\"ImageObject\",\"inLanguage\":\"fr-FR\",\"@id\":\"https:\\\/\\\/ksapa.org\\\/fr\\\/wp-content\\\/uploads\\\/sites\\\/1\\\/2019\\\/02\\\/farid-baddache-blog-auteur-resilience-impact-inclusion.jpg\",\"url\":\"https:\\\/\\\/ksapa.org\\\/fr\\\/wp-content\\\/uploads\\\/sites\\\/1\\\/2019\\\/02\\\/farid-baddache-blog-auteur-resilience-impact-inclusion.jpg\",\"contentUrl\":\"https:\\\/\\\/ksapa.org\\\/fr\\\/wp-content\\\/uploads\\\/sites\\\/1\\\/2019\\\/02\\\/farid-baddache-blog-auteur-resilience-impact-inclusion.jpg\",\"caption\":\"Farid Baddache\"},\"description\":\"Pr\u00e9sident et Cofondateur. Auteur de diff\u00e9rents ouvrages sur les questions de RSE et d\u00e9veloppement durable. Expert international reconnu, Farid Baddache travaille \u00e0 l\u2019int\u00e9gration des questions de droits de l\u2019Homme et de climat comme leviers de r\u00e9silience et de comp\u00e9titivit\u00e9 des entreprises. Restez connect\u00e9s avec Farid Baddache sur Twitter @Fbaddache.\",\"sameAs\":[\"http:\\\/\\\/www.ksapa.org\",\"https:\\\/\\\/x.com\\\/Fbaddache\"],\"url\":\"https:\\\/\\\/ksapa.org\\\/fr\\\/author\\\/faridb\\\/\"}]}<\/script>\n<!-- \/ Yoast SEO plugin. -->","yoast_head_json":{"title":"G7 Environnement : le climat sans le dire","description":"Stress hydrique, co\u00fbt assurantiel, supply chains: le G7 2026 parlera de tout sauf du climat alors que ses cons\u00e9quences sont partout.","robots":{"index":"index","follow":"follow","max-snippet":"max-snippet:-1","max-image-preview":"max-image-preview:large","max-video-preview":"max-video-preview:-1"},"canonical":"https:\/\/ksapa.org\/fr\/g7-environnement-le-climat-sans-le-dire\/","og_locale":"fr_FR","og_type":"article","og_title":"G7 Environnement : le climat sans le dire","og_description":"Stress hydrique, co\u00fbt assurantiel, supply chains: le G7 2026 parlera de tout sauf du climat alors que ses cons\u00e9quences sont partout.","og_url":"https:\/\/ksapa.org\/fr\/g7-environnement-le-climat-sans-le-dire\/","og_site_name":"Ksapa - fr","article_published_time":"2026-04-27T09:12:14+00:00","og_image":[{"width":1200,"height":628,"url":"https:\/\/ksapa.org\/fr\/wp-content\/uploads\/sites\/1\/2026\/04\/g7_fondvisio5_cle8c671d-eefe9.jpg","type":"image\/jpeg"}],"author":"Farid Baddache","twitter_card":"summary_large_image","twitter_creator":"@Fbaddache","twitter_site":"@KsapaOrg","twitter_misc":{"\u00c9crit par":"Farid Baddache","Dur\u00e9e de lecture estim\u00e9e":"8 minutes"},"schema":{"@context":"https:\/\/schema.org","@graph":[{"@type":"Article","@id":"https:\/\/ksapa.org\/fr\/g7-environnement-le-climat-sans-le-dire\/#article","isPartOf":{"@id":"https:\/\/ksapa.org\/fr\/g7-environnement-le-climat-sans-le-dire\/"},"author":{"name":"Farid Baddache","@id":"https:\/\/ksapa.org\/fr\/#\/schema\/person\/04c46158d370e75b9ece9fe70d969403"},"headline":"G7 Environnement : le climat sans le dire","datePublished":"2026-04-27T09:12:14+00:00","mainEntityOfPage":{"@id":"https:\/\/ksapa.org\/fr\/g7-environnement-le-climat-sans-le-dire\/"},"wordCount":1652,"commentCount":0,"publisher":{"@id":"https:\/\/ksapa.org\/fr\/#organization"},"image":{"@id":"https:\/\/ksapa.org\/fr\/g7-environnement-le-climat-sans-le-dire\/#primaryimage"},"thumbnailUrl":"https:\/\/ksapa.org\/fr\/wp-content\/uploads\/sites\/1\/2026\/04\/g7_fondvisio5_cle8c671d-eefe9.jpg","keywords":["Comp\u00e9titivit\u00e9","ESG","Externalit\u00e9s"],"articleSection":["Changement climatique","Conseil d'Administration","Consommation Responsable","D\u00e9veloppement Durable","Devoir de Vigilance","Droits de l'Homme","Finance Durable et ESG","Impact","Responsabilit\u00e9 Soci\u00e9tale et Environnementale (RSE)"],"inLanguage":"fr-FR","potentialAction":[{"@type":"CommentAction","name":"Comment","target":["https:\/\/ksapa.org\/fr\/g7-environnement-le-climat-sans-le-dire\/#respond"]}]},{"@type":"WebPage","@id":"https:\/\/ksapa.org\/fr\/g7-environnement-le-climat-sans-le-dire\/","url":"https:\/\/ksapa.org\/fr\/g7-environnement-le-climat-sans-le-dire\/","name":"G7 Environnement : le climat sans le dire","isPartOf":{"@id":"https:\/\/ksapa.org\/fr\/#website"},"primaryImageOfPage":{"@id":"https:\/\/ksapa.org\/fr\/g7-environnement-le-climat-sans-le-dire\/#primaryimage"},"image":{"@id":"https:\/\/ksapa.org\/fr\/g7-environnement-le-climat-sans-le-dire\/#primaryimage"},"thumbnailUrl":"https:\/\/ksapa.org\/fr\/wp-content\/uploads\/sites\/1\/2026\/04\/g7_fondvisio5_cle8c671d-eefe9.jpg","datePublished":"2026-04-27T09:12:14+00:00","description":"Stress hydrique, co\u00fbt assurantiel, supply chains: le G7 2026 parlera de tout sauf du climat alors que ses cons\u00e9quences sont partout.","breadcrumb":{"@id":"https:\/\/ksapa.org\/fr\/g7-environnement-le-climat-sans-le-dire\/#breadcrumb"},"inLanguage":"fr-FR","potentialAction":[{"@type":"ReadAction","target":["https:\/\/ksapa.org\/fr\/g7-environnement-le-climat-sans-le-dire\/"]}]},{"@type":"ImageObject","inLanguage":"fr-FR","@id":"https:\/\/ksapa.org\/fr\/g7-environnement-le-climat-sans-le-dire\/#primaryimage","url":"https:\/\/ksapa.org\/fr\/wp-content\/uploads\/sites\/1\/2026\/04\/g7_fondvisio5_cle8c671d-eefe9.jpg","contentUrl":"https:\/\/ksapa.org\/fr\/wp-content\/uploads\/sites\/1\/2026\/04\/g7_fondvisio5_cle8c671d-eefe9.jpg","width":1200,"height":628,"caption":"G7 Environnement : le climat sans le dire"},{"@type":"BreadcrumbList","@id":"https:\/\/ksapa.org\/fr\/g7-environnement-le-climat-sans-le-dire\/#breadcrumb","itemListElement":[{"@type":"ListItem","position":1,"name":"Home","item":"https:\/\/ksapa.org\/fr\/"},{"@type":"ListItem","position":2,"name":"G7 Environnement : le climat sans le dire"}]},{"@type":"WebSite","@id":"https:\/\/ksapa.org\/fr\/#website","url":"https:\/\/ksapa.org\/fr\/","name":"Ksapa - fr","description":"","publisher":{"@id":"https:\/\/ksapa.org\/fr\/#organization"},"potentialAction":[{"@type":"SearchAction","target":{"@type":"EntryPoint","urlTemplate":"https:\/\/ksapa.org\/fr\/?s={search_term_string}"},"query-input":{"@type":"PropertyValueSpecification","valueRequired":true,"valueName":"search_term_string"}}],"inLanguage":"fr-FR"},{"@type":"Organization","@id":"https:\/\/ksapa.org\/fr\/#organization","name":"ksapa","url":"https:\/\/ksapa.org\/fr\/","logo":{"@type":"ImageObject","inLanguage":"fr-FR","@id":"https:\/\/ksapa.org\/fr\/#\/schema\/logo\/image\/","url":"https:\/\/ksapa.org\/fr\/wp-content\/uploads\/sites\/1\/2019\/06\/icone-ksapa.jpg","contentUrl":"https:\/\/ksapa.org\/fr\/wp-content\/uploads\/sites\/1\/2019\/06\/icone-ksapa.jpg","width":"442","height":"421","caption":"ksapa"},"image":{"@id":"https:\/\/ksapa.org\/fr\/#\/schema\/logo\/image\/"},"sameAs":["https:\/\/x.com\/KsapaOrg"]},{"@type":"Person","@id":"https:\/\/ksapa.org\/fr\/#\/schema\/person\/04c46158d370e75b9ece9fe70d969403","name":"Farid Baddache","image":{"@type":"ImageObject","inLanguage":"fr-FR","@id":"https:\/\/ksapa.org\/fr\/wp-content\/uploads\/sites\/1\/2019\/02\/farid-baddache-blog-auteur-resilience-impact-inclusion.jpg","url":"https:\/\/ksapa.org\/fr\/wp-content\/uploads\/sites\/1\/2019\/02\/farid-baddache-blog-auteur-resilience-impact-inclusion.jpg","contentUrl":"https:\/\/ksapa.org\/fr\/wp-content\/uploads\/sites\/1\/2019\/02\/farid-baddache-blog-auteur-resilience-impact-inclusion.jpg","caption":"Farid Baddache"},"description":"Pr\u00e9sident et Cofondateur. Auteur de diff\u00e9rents ouvrages sur les questions de RSE et d\u00e9veloppement durable. Expert international reconnu, Farid Baddache travaille \u00e0 l\u2019int\u00e9gration des questions de droits de l\u2019Homme et de climat comme leviers de r\u00e9silience et de comp\u00e9titivit\u00e9 des entreprises. Restez connect\u00e9s avec Farid Baddache sur Twitter @Fbaddache.","sameAs":["http:\/\/www.ksapa.org","https:\/\/x.com\/Fbaddache"],"url":"https:\/\/ksapa.org\/fr\/author\/faridb\/"}]}},"_links":{"self":[{"href":"https:\/\/ksapa.org\/fr\/wp-json\/wp\/v2\/posts\/11491","targetHints":{"allow":["GET"]}}],"collection":[{"href":"https:\/\/ksapa.org\/fr\/wp-json\/wp\/v2\/posts"}],"about":[{"href":"https:\/\/ksapa.org\/fr\/wp-json\/wp\/v2\/types\/post"}],"author":[{"embeddable":true,"href":"https:\/\/ksapa.org\/fr\/wp-json\/wp\/v2\/users\/2"}],"replies":[{"embeddable":true,"href":"https:\/\/ksapa.org\/fr\/wp-json\/wp\/v2\/comments?post=11491"}],"version-history":[{"count":2,"href":"https:\/\/ksapa.org\/fr\/wp-json\/wp\/v2\/posts\/11491\/revisions"}],"predecessor-version":[{"id":11494,"href":"https:\/\/ksapa.org\/fr\/wp-json\/wp\/v2\/posts\/11491\/revisions\/11494"}],"wp:featuredmedia":[{"embeddable":true,"href":"https:\/\/ksapa.org\/fr\/wp-json\/wp\/v2\/media\/11492"}],"wp:attachment":[{"href":"https:\/\/ksapa.org\/fr\/wp-json\/wp\/v2\/media?parent=11491"}],"wp:term":[{"taxonomy":"category","embeddable":true,"href":"https:\/\/ksapa.org\/fr\/wp-json\/wp\/v2\/categories?post=11491"},{"taxonomy":"post_tag","embeddable":true,"href":"https:\/\/ksapa.org\/fr\/wp-json\/wp\/v2\/tags?post=11491"}],"curies":[{"name":"wp","href":"https:\/\/api.w.org\/{rel}","templated":true}]}}