{"id":11526,"date":"2026-06-08T09:20:33","date_gmt":"2026-06-08T08:20:33","guid":{"rendered":"https:\/\/ksapa.org\/fr\/?p=11526"},"modified":"2026-06-08T09:20:38","modified_gmt":"2026-06-08T08:20:38","slug":"la-justice-sociale-angle-mort-des-politiques-climatiques","status":"publish","type":"post","link":"https:\/\/ksapa.org\/fr\/la-justice-sociale-angle-mort-des-politiques-climatiques\/","title":{"rendered":"La justice sociale, angle mort des politiques climatiques ?"},"content":{"rendered":"\n<p class=\"wp-block-paragraph\"><strong>La course vers la neutralit\u00e9 carbone s\u2019acc\u00e9l\u00e8re. Alors que les objectifs climatiques deviennent de plus en plus ambitieux, un d\u00e9fi majeur demeure souvent rel\u00e9gu\u00e9 au second plan. Garantir une justice sociale pour tous. En effet, les populations qui contribuent le moins aux \u00e9missions de gaz \u00e0 effet de serre sont souvent celles qui subissent le plus durement les effets du changement climatique, mais aussi les cons\u00e9quences involontaires de certaines politiques climatiques. Atteindre la neutralit\u00e9 carbone n\u00e9cessitera donc des politiques capables d\u2019int\u00e9grer pleinement les enjeux sociaux et de s\u2019adapter aux r\u00e9alit\u00e9s \u00e9conomiques et soci\u00e9tales actuelles.<\/strong><\/p>\n\n\n\n<h2 class=\"wp-block-heading\">Les risques sociaux de la neutralit\u00e9 carbone<\/h2>\n\n\n\n<p class=\"wp-block-paragraph\">Les politiques climatiques sont indispensables pour limiter le r\u00e9chauffement plan\u00e9taire conform\u00e9ment aux objectifs de l\u2019Accord de Paris de 2015. Les scientifiques indiquent aujourd\u2019hui que l\u2019objectif de 1,5\u00b0C est probablement <a href=\"https:\/\/www.lemonde.fr\/en\/environment\/article\/2025\/06\/19\/limiting-global-warming-to-1-5-c-is-now-impossible_6742504_114.html\">hors d\u2019atteinte<\/a>. Mais les efforts doivent se poursuivre pour pouvoir maintenir le r\u00e9chauffement aussi proche que possible de ce seuil et nettement en dessous de 2\u00b0C.<\/p>\n\n\n\n<p class=\"wp-block-paragraph\">Transformer nos mod\u00e8les \u00e9conomiques actuels vers davantage de durabilit\u00e9 implique des co\u00fbts \u00e9conomiques et sociaux. \u00c0 court terme, les b\u00e9n\u00e9fices et les co\u00fbts des politiques climatiques ne seront pas <a href=\"https:\/\/oecdecoscope.blog\/2024\/12\/06\/a-heated-issue-the-unequal-impacts-of-climate-change-and-climate-change-mitigation\/\">r\u00e9partis \u00e9quitablement<\/a> entre les r\u00e9gions, les territoires et les cat\u00e9gories socio-\u00e9conomiques.<\/p>\n\n\n\n<h3 class=\"wp-block-heading\">Le changement climatique affecte de mani\u00e8re disproportionn\u00e9e les populations les plus vuln\u00e9rables<\/h3>\n\n\n\n<p class=\"wp-block-paragraph\">Les pays \u00e0 faible revenu et \u00e0 revenu interm\u00e9diaire inf\u00e9rieur ne sont responsables que de <a href=\"https:\/\/ourworldindata.org\/data-insights\/there-are-huge-inequalities-in-global-co2-emissions\">17,4 % des \u00e9missions mondiales de CO\u2082,<\/a> alors qu&rsquo;elles repr\u00e9sentent +50% de la population mondiale.<\/p>\n\n\n\n<p class=\"wp-block-paragraph\">Malgr\u00e9 cette faible contribution, ils sont souvent davantage expos\u00e9s aux effets du changement climatique en raison de multiples facteurs. Temp\u00e9ratures de base plus \u00e9lev\u00e9es, plus forte probabilit\u00e9 de p\u00e9riodes de s\u00e9cheresses, d\u00e9pendance accrue \u00e0 des secteurs sensibles au climat (comme l\u2019agriculture), ainsi que des capacit\u00e9s d\u2019adaptation et de r\u00e9silience plus limit\u00e9es.<\/p>\n\n\n\n<p class=\"wp-block-paragraph\">\u00c0 l\u2019inverse, les pays \u00e0 revenu \u00e9lev\u00e9 abritent seulement 15 % de la population mondiale mais sont responsables d\u2019environ 34 % des \u00e9missions mondiales.<\/p>\n\n\n\n<h3 class=\"wp-block-heading\">Sans transition juste, les politiques climatiques risquent de reproduire ces in\u00e9galit\u00e9s<\/h3>\n\n\n\n<p class=\"wp-block-paragraph\"><a href=\"https:\/\/www.ramboll.com\/insights\/resilient-societies-and-liveability\/the-winners-and-losers-of-climate-policies\">La recherche scientifique<\/a> d\u00e9montre qu\u2019un large \u00e9ventail d\u2019impacts sociaux n\u00e9gatifs peut d\u00e9couler des politiques climatiques.<\/p>\n\n\n\n<h4 class=\"wp-block-heading\"><strong>Impacts sociaux des politiques climatiques<\/strong><\/h4>\n\n\n\n<figure class=\"wp-block-table\"><table><tbody><tr><td class=\"has-text-align-center\" data-align=\"center\"><strong>Hausse du co\u00fbt de la vie<\/strong><\/td><td class=\"has-text-align-left\" data-align=\"left\">Certaines politiques de r\u00e9duction des \u00e9missions visent \u00e0 diminuer la consommation \u00e9nerg\u00e9tique en augmentant son co\u00fbt. Ces mesures affectent davantage les m\u00e9nages modestes, qui consacrent d\u00e9j\u00e0 une part plus importante de leurs revenus aux d\u00e9penses \u00e9nerg\u00e9tiques (chauffage, \u00e9lectricit\u00e9, carburant et transport). Sans mesure d\u2019accompagnement adapt\u00e9e, ces politiques risquent d\u2019aggraver les <a href=\"https:\/\/oecdecoscope.blog\/2024\/12\/06\/a-heated-issue-the-unequal-impacts-of-climate-change-and-climate-change-mitigation\/\">in\u00e9galit\u00e9s socio-\u00e9conomiques existantes.<\/a> <\/td><\/tr><tr><td class=\"has-text-align-center\" data-align=\"center\"><strong>Adoption de solutions bas-carbone<\/strong><\/td><td class=\"has-text-align-left\" data-align=\"left\">Les aides financi\u00e8res telles que les subventions aux v\u00e9hicules \u00e9lectriques, aux panneaux solaires ou \u00e0 la r\u00e9novation \u00e9nerg\u00e9tique profitent souvent en premier lieu aux m\u00e9nages les plus ais\u00e9s, capables d\u2019assumer les investissements initiaux n\u00e9cessaires. Les m\u00e9nages les plus modestes peuvent ainsi \u00eatre exclus des <a href=\"https:\/\/oecdecoscope.blog\/2024\/12\/06\/a-heated-issue-the-unequal-impacts-of-climate-change-and-climate-change-mitigation\/\">b\u00e9n\u00e9fices de ces dispositifs.<\/a><\/td><\/tr><tr><td class=\"has-text-align-center\" data-align=\"center\"><strong>Retrait des industries \u00e9mettrices<\/strong><\/td><td class=\"has-text-align-left\" data-align=\"left\">La fermeture progressive des industries \u00e0 fortes \u00e9missions, notamment dans les secteurs du charbon, du p\u00e9trole ou des schistes bitumineux, affecte directement les communaut\u00e9s dont l\u2019\u00e9conomie repose sur ces activit\u00e9s. Les pertes d\u2019emplois pourraient toucher <a href=\"https:\/\/www.ramboll.com\/insights\/resilient-societies-and-liveability\/the-winners-and-losers-of-climate-policies\">34 000 personnes<\/a> dans certaines r\u00e9gions et toucher en priorit\u00e9 les travailleurs occupant les emplois les moins qualifi\u00e9s et les plus expos\u00e9s.<\/td><\/tr><tr><td class=\"has-text-align-center\" data-align=\"center\"><strong>Emploi<\/strong><\/td><td class=\"has-text-align-left\" data-align=\"left\">La transition vers une \u00e9conomie bas-carbone entra\u00eene une transformation profonde du march\u00e9 du travail et une r\u00e9allocation progressive vers les \u00ab\u00a0emplois verts\u00a0\u00bb. En l\u2019absence de mesures d\u2019accompagnement adapt\u00e9es, cette \u00e9volution peut accentuer les disparit\u00e9s r\u00e9gionales. Les territoires historiquement d\u00e9pendants des \u00e9nergies fossiles sont plus expos\u00e9s aux pertes d\u2019emplois et au d\u00e9clin \u00e9conomique, tandis que les r\u00e9gions b\u00e9n\u00e9ficiant d\u2019investissements verts et de capacit\u00e9s d\u2019innovation plus importantes seront plus susceptibles de prosp\u00e9rer sous cette nouvelle \u00e8re.<\/td><\/tr><tr><td class=\"has-text-align-center\" data-align=\"center\"><strong>Education et d\u00e9veloppement des comp\u00e9tences<\/strong><\/td><td class=\"has-text-align-left\" data-align=\"left\">La transition \u00e9cologique modifie \u00e9galement les comp\u00e9tences recherch\u00e9es sur le march\u00e9 du travail. L\u2019acc\u00e8s \u00e0 la formation, \u00e0 l\u2019\u00e9ducation et aux programmes de reconversion devient donc essentiel pour garantir une transition inclusive. Les travailleurs b\u00e9n\u00e9ficiant de ces opportunit\u00e9s seront mieux pr\u00e9par\u00e9s pour s\u2019adapter aux nouvelles exigences professionnelles.<\/td><\/tr><\/tbody><\/table><\/figure>\n\n\n\n<h2 class=\"wp-block-heading\">Int\u00e9grer les impacts sociaux dans la conception des politiques climatiques<\/h2>\n\n\n\n<p class=\"wp-block-paragraph\">Les constats pr\u00e9c\u00e9dents ne signifient en aucun cas qu\u2019il faille ralentir ou abandonner l\u2019action climatique. Ils soulignent au contraire la n\u00e9cessit\u00e9 de concevoir des politiques climatiques prenant en compte les impacts sociaux.  .<\/p>\n\n\n\n<p class=\"wp-block-paragraph\">Les politiques climatiques devraient \u00eatre accompagn\u00e9es d\u2019\u00e9valuations de leurs impacts sociaux et sur les droits humains potentiels. Elles doivent \u00e9galement int\u00e9grer les parties prenantes concern\u00e9es et pr\u00e9voir des mesures de soutien adapt\u00e9es afin d\u2019\u00e9viter que les co\u00fbts de la transition ne p\u00e8sent de mani\u00e8re disproportionn\u00e9e sur certaines populations.<\/p>\n\n\n\n<h3 class=\"wp-block-heading\">La transition juste : un cadre indispensable<\/h3>\n\n\n\n<p class=\"wp-block-paragraph\">Le concept de transition juste occupe aujourd\u2019hui une place centrale dans les d\u00e9bats relatifs aux politiques climatiques.<\/p>\n\n\n\n<p class=\"wp-block-paragraph\">L\u2019Organisation internationale du travail d\u00e9finit la transition juste comme la d\u00e9marche consistant \u00e0<em> \u00ab verdir l\u2019\u00e9conomie de mani\u00e8re aussi \u00e9quitable et inclusive que possible pour toutes les personnes concern\u00e9es, en cr\u00e9ant des opportunit\u00e9s de travail d\u00e9cent et sans laisser personne de c\u00f4t\u00e9 \u00bb.<\/em><\/p>\n\n\n\n<p class=\"wp-block-paragraph\">Cette approche reconna\u00eet que les b\u00e9n\u00e9fices et les co\u00fbts de la transition ne sont pas r\u00e9partis de mani\u00e8re uniforme. Chaque pays doit donc d\u00e9velopper des solutions adapt\u00e9es \u00e0 son contexte social, \u00e9conomique et historique.<\/p>\n\n\n\n<p class=\"wp-block-paragraph\">Les strat\u00e9gies climatiques nationales et internationales int\u00e8grent progressivement les principes de transition juste. Ils figurent d\u00e9sormais dans environ <a href=\"https:\/\/climatepromise.undp.org\/news-and-stories\/what-just-transition-and-why-it-important\">38 % des Contributions D\u00e9termin\u00e9es au niveau National (CDN)<\/a>. Des efforts sont encore n\u00e9cessaires pour traduire ces engagements en mesures concr\u00e8tes adapt\u00e9es aux besoins des communaut\u00e9s concern\u00e9es.<\/p>\n\n\n\n<h3 class=\"wp-block-heading\">Trois leviers pour int\u00e9grer les enjeux sociaux dans les politiques climatiques<\/h3>\n\n\n\n<h4 class=\"wp-block-heading\">1. Renforcer le suivi et l\u2019\u00e9valuation des politiques climatiques<\/h4>\n\n\n\n<p class=\"wp-block-paragraph\">L\u2019\u00e9valuation des politiques climatiques ne devrait pas se limiter \u00e0 la mesure des r\u00e9ductions d\u2019\u00e9missions. Elle devrait \u00e9galement examiner leurs impacts sociaux directs sur les populations concern\u00e9es, notamment en mati\u00e8re de pr\u00e9carit\u00e9 \u00e9nerg\u00e9tique, de s\u00e9curit\u00e9 d&#8217;emploi ou de disparit\u00e9s r\u00e9gionales.<\/p>\n\n\n\n<p class=\"wp-block-paragraph\">Des \u00e9tudes de cas men\u00e9es en Serbie, au Costa Rica ou encore au Zimbabwe montrent l\u2019int\u00e9r\u00eat d\u2019associer <a href=\"https:\/\/climatepromise.undp.org\/news-and-stories\/what-just-transition-and-why-it-important\">analyses quantitatives et qualitatives <\/a>afin de mieux comprendre les effets socio-\u00e9conomiques de la transition.<\/p>\n\n\n\n<h4 class=\"wp-block-heading\">2. Mettre en place des <a href=\"https:\/\/www.ramboll.com\/insights\/resilient-societies-and-liveability\/the-winners-and-losers-of-climate-policies\">m\u00e9canismes de compensation<\/a><\/h4>\n\n\n\n<p class=\"wp-block-paragraph\">De nombreuses mesures de compensation existent. Le \u00ab\u00a0recyclage\u00a0\u00bb des recettes fiscales constitue l\u2019un des m\u00e9canismes les plus fr\u00e9quemment utilis\u00e9s. Les revenus g\u00e9n\u00e9r\u00e9s par les taxes environnementales \/ carbone peuvent \u00eatre redistribu\u00e9s aux m\u00e9nages les plus vuln\u00e9rables afin de compenser certains effets n\u00e9gatifs. <\/p>\n\n\n\n<p class=\"wp-block-paragraph\">D\u2019autres dispositifs sont \u00e9galement activables. On retrouve les allocations ch\u00f4mage pour les pertes d&#8217;emploi, les dispositifs de retraite anticip\u00e9e, les aides cibl\u00e9es ou encore des exemptions temporaires pour certaines cat\u00e9gories de population qui serait plus fortement impact\u00e9 par une mesure climatique.<\/p>\n\n\n\n<h4 class=\"wp-block-heading\">3. Placer les populations au c\u0153ur des solutions<\/h4>\n\n\n\n<p class=\"wp-block-paragraph\">L\u2019implication des communaut\u00e9s est essentielle pour am\u00e9liorer l\u2019efficacit\u00e9 et l\u2019acceptabilit\u00e9 des politiques climatiques. Elle permet de <\/p>\n\n\n\n<p class=\"wp-block-paragraph\">a) mobiliser les connaissances locales, <\/p>\n\n\n\n<p class=\"wp-block-paragraph\">b) renforcer la confiance envers les institutions<\/p>\n\n\n\n<p class=\"wp-block-paragraph\">c) accro\u00eetre la r\u00e9silience des territoires.<\/p>\n\n\n\n<p class=\"wp-block-paragraph\">Investir dans l\u2019\u00e9ducation, la formation, la sant\u00e9, la protection sociale et le d\u00e9veloppement des comp\u00e9tences constitue \u00e9galement un levier majeur pour<a href=\"https:\/\/blogs.worldbank.org\/en\/voices\/putting-people-at-the-center-of-climate-solutions\"> renforcer la capacit\u00e9 d\u2019adaptation des populations.<\/a><\/p>\n\n\n\n<ul class=\"wp-block-list\">\n<li>Aux Philippines, l\u2019enseignement des <a href=\"https:\/\/joease.id\/index.php\/joease\/article\/view\/54\">comp\u00e9tences vertes<\/a> et l\u2019int\u00e9gration des enjeux climatiques dans les programmes scolaires sont d\u00e9sormais obligatoires.<\/li>\n\n\n\n<li>Au Vietnam, la strat\u00e9gie de neutralit\u00e9 carbone pr\u00e9voit de<a href=\"https:\/\/blogs.worldbank.org\/en\/voices\/putting-people-at-the-center-of-climate-solutions\">s programmes de d\u00e9veloppement des comp\u00e9tence<\/a>s destin\u00e9s \u00e0 pr\u00e9parer les travailleurs aux m\u00e9tiers verts, avec pr\u00e8s d\u2019un million d\u2019emplois suppl\u00e9mentaires attendus d\u2019ici 2040.<\/li>\n\n\n\n<li>En Jordanie, le<a href=\"https:\/\/documents1.worldbank.org\/curated\/en\/099110124091520135\/pdf\/P5070741b7f66e09c19dae18076d882175c.pdf\"> programme Human Capital<\/a> mobilise les m\u00e9canismes de protection sociale afin d\u2019att\u00e9nuer les effets de la transition sur les populations les plus vuln\u00e9rables.<\/li>\n<\/ul>\n\n\n\n<h2 class=\"wp-block-heading\">Conclusion<\/h2>\n\n\n\n<p class=\"wp-block-paragraph\"> L\u2019int\u00e9gration des consid\u00e9rations sociales dans les ambitions climatiques  doit devenir la norme et non l\u2019exception.<\/p>\n\n\n\n<p class=\"wp-block-paragraph\">La r\u00e9ussite de la transition \u00e9cologique d\u00e9pendra non seulement de notre capacit\u00e9 \u00e0 r\u00e9duire les \u00e9missions de gaz \u00e0 effet de serre, mais \u00e9galement de notre aptitude \u00e0 garantir une r\u00e9partition \u00e9quitable de ses co\u00fbts et de ses b\u00e9n\u00e9fices. Une politique climatique qui place les individus au c\u0153ur de son action sera plus r\u00e9siliente et plus durable.<\/p>\n\n\n\n<p class=\"wp-block-paragraph\">Les entreprises ont \u00e9galement un r\u00f4le majeur \u00e0 jouer dans cette transformation. Ceci ce joue en effet \u00e0 travers un engagement des parties prenantes, une \u00e9valuation robuste d\u2019impacts sociaux, et l\u2019\u00e9laboration de strat\u00e9gies de transition juste. Ksapa accompagne ces organisations dans<a href=\"https:\/\/ksapa.org\/advise\/consulting-business-human-rights\/\"> l\u2019identification et l\u2019anticipation de leurs risques sociaux et li\u00e9s aux droits humains<\/a>. <\/p>\n\n\n\n<p class=\"wp-block-paragraph\">En int\u00e9grant les enjeux sociaux au c\u0153ur de leurs engagements climatiques, les entreprises peuvent renforcer l\u2019impact positif de leur transition. Pour les travailleurs, les communaut\u00e9s, les consommateurs et la soci\u00e9t\u00e9 dans son ensemble.<\/p>\n\n\n\n<p class=\"wp-block-paragraph\"><\/p>\n","protected":false},"excerpt":{"rendered":"<p>La transition climatique ne sera durable que si elle est juste. D\u00e9couvrez comment int\u00e9grer les enjeux sociaux dans l\u2019action climatique.<\/p>\n","protected":false},"author":94,"featured_media":11527,"comment_status":"open","ping_status":"open","sticky":false,"template":"","format":"standard","meta":{"footnotes":"","_members_access_role":[],"_members_access_error":""},"categories":[2683,10,11,2694,1,2914],"tags":[3043],"class_list":["post-11526","post","type-post","status-publish","format-standard","has-post-thumbnail","hentry","category-changement-climatique","category-developpement-durable","category-droits-de-lhomme","category-engagement-local","category-non-classe","category-transition-energetique","tag-justice-sociale"],"yoast_head":"<!-- This site is optimized with the Yoast SEO plugin v28.3 - https:\/\/yoast.com\/product\/yoast-seo-wordpress\/ -->\n<title>La justice sociale, angle mort des politiques climatiques ?<\/title>\n<meta name=\"description\" content=\"La transition climatique ne sera durable que si elle est juste. D\u00e9couvrez comment int\u00e9grer les enjeux sociaux dans l\u2019action climatique.\" \/>\n<meta name=\"robots\" content=\"index, follow, max-snippet:-1, max-image-preview:large, max-video-preview:-1\" \/>\n<link rel=\"canonical\" href=\"https:\/\/ksapa.org\/fr\/la-justice-sociale-angle-mort-des-politiques-climatiques\/\" \/>\n<meta property=\"og:locale\" content=\"fr_FR\" \/>\n<meta property=\"og:type\" content=\"article\" \/>\n<meta property=\"og:title\" content=\"La justice sociale, angle mort des politiques climatiques ?\" \/>\n<meta property=\"og:description\" content=\"La transition climatique ne sera durable que si elle est juste. D\u00e9couvrez comment int\u00e9grer les enjeux sociaux dans l\u2019action climatique.\" \/>\n<meta property=\"og:url\" content=\"https:\/\/ksapa.org\/fr\/la-justice-sociale-angle-mort-des-politiques-climatiques\/\" \/>\n<meta property=\"og:site_name\" content=\"Ksapa - fr\" \/>\n<meta property=\"article:published_time\" content=\"2026-06-08T08:20:33+00:00\" \/>\n<meta property=\"article:modified_time\" content=\"2026-06-08T08:20:38+00:00\" \/>\n<meta property=\"og:image\" content=\"https:\/\/ksapa.org\/fr\/wp-content\/uploads\/sites\/1\/2026\/06\/pexels-maxravier-12017426-scaled.jpg\" \/>\n\t<meta property=\"og:image:width\" content=\"2560\" \/>\n\t<meta property=\"og:image:height\" content=\"1707\" \/>\n\t<meta property=\"og:image:type\" content=\"image\/jpeg\" \/>\n<meta name=\"author\" content=\"Dana Tayeb\" \/>\n<meta name=\"twitter:card\" content=\"summary_large_image\" \/>\n<meta name=\"twitter:creator\" content=\"@cchateauvieux\" \/>\n<meta name=\"twitter:site\" content=\"@KsapaOrg\" \/>\n<meta name=\"twitter:label1\" content=\"\u00c9crit par\" \/>\n\t<meta name=\"twitter:data1\" content=\"Dana Tayeb\" \/>\n\t<meta name=\"twitter:label2\" content=\"Dur\u00e9e de lecture estim\u00e9e\" \/>\n\t<meta name=\"twitter:data2\" content=\"7 minutes\" \/>\n<script type=\"application\/ld+json\" class=\"yoast-schema-graph\">{\"@context\":\"https:\\\/\\\/schema.org\",\"@graph\":[{\"@type\":\"Article\",\"@id\":\"https:\\\/\\\/ksapa.org\\\/fr\\\/la-justice-sociale-angle-mort-des-politiques-climatiques\\\/#article\",\"isPartOf\":{\"@id\":\"https:\\\/\\\/ksapa.org\\\/fr\\\/la-justice-sociale-angle-mort-des-politiques-climatiques\\\/\"},\"author\":{\"name\":\"Dana Tayeb\",\"@id\":\"https:\\\/\\\/ksapa.org\\\/fr\\\/#\\\/schema\\\/person\\\/a2de8e1c35105a1cf8b01b5950b6babb\"},\"headline\":\"La justice sociale, angle mort des politiques climatiques ?\",\"datePublished\":\"2026-06-08T08:20:33+00:00\",\"dateModified\":\"2026-06-08T08:20:38+00:00\",\"mainEntityOfPage\":{\"@id\":\"https:\\\/\\\/ksapa.org\\\/fr\\\/la-justice-sociale-angle-mort-des-politiques-climatiques\\\/\"},\"wordCount\":1593,\"commentCount\":0,\"publisher\":{\"@id\":\"https:\\\/\\\/ksapa.org\\\/fr\\\/#organization\"},\"image\":{\"@id\":\"https:\\\/\\\/ksapa.org\\\/fr\\\/la-justice-sociale-angle-mort-des-politiques-climatiques\\\/#primaryimage\"},\"thumbnailUrl\":\"https:\\\/\\\/ksapa.org\\\/fr\\\/wp-content\\\/uploads\\\/sites\\\/1\\\/2026\\\/06\\\/pexels-maxravier-12017426-scaled.jpg\",\"keywords\":[\"justice sociale\"],\"articleSection\":[\"Changement climatique\",\"D\u00e9veloppement Durable\",\"Droits de l'Homme\",\"Engagement Local\",\"Non Class\u00e9\",\"Transition \u00e9nerg\u00e9tique\"],\"inLanguage\":\"fr-FR\",\"potentialAction\":[{\"@type\":\"CommentAction\",\"name\":\"Comment\",\"target\":[\"https:\\\/\\\/ksapa.org\\\/fr\\\/la-justice-sociale-angle-mort-des-politiques-climatiques\\\/#respond\"]}]},{\"@type\":\"WebPage\",\"@id\":\"https:\\\/\\\/ksapa.org\\\/fr\\\/la-justice-sociale-angle-mort-des-politiques-climatiques\\\/\",\"url\":\"https:\\\/\\\/ksapa.org\\\/fr\\\/la-justice-sociale-angle-mort-des-politiques-climatiques\\\/\",\"name\":\"La justice sociale, angle mort des politiques climatiques ?\",\"isPartOf\":{\"@id\":\"https:\\\/\\\/ksapa.org\\\/fr\\\/#website\"},\"primaryImageOfPage\":{\"@id\":\"https:\\\/\\\/ksapa.org\\\/fr\\\/la-justice-sociale-angle-mort-des-politiques-climatiques\\\/#primaryimage\"},\"image\":{\"@id\":\"https:\\\/\\\/ksapa.org\\\/fr\\\/la-justice-sociale-angle-mort-des-politiques-climatiques\\\/#primaryimage\"},\"thumbnailUrl\":\"https:\\\/\\\/ksapa.org\\\/fr\\\/wp-content\\\/uploads\\\/sites\\\/1\\\/2026\\\/06\\\/pexels-maxravier-12017426-scaled.jpg\",\"datePublished\":\"2026-06-08T08:20:33+00:00\",\"dateModified\":\"2026-06-08T08:20:38+00:00\",\"description\":\"La transition climatique ne sera durable que si elle est juste. D\u00e9couvrez comment int\u00e9grer les enjeux sociaux dans l\u2019action climatique.\",\"breadcrumb\":{\"@id\":\"https:\\\/\\\/ksapa.org\\\/fr\\\/la-justice-sociale-angle-mort-des-politiques-climatiques\\\/#breadcrumb\"},\"inLanguage\":\"fr-FR\",\"potentialAction\":[{\"@type\":\"ReadAction\",\"target\":[\"https:\\\/\\\/ksapa.org\\\/fr\\\/la-justice-sociale-angle-mort-des-politiques-climatiques\\\/\"]}]},{\"@type\":\"ImageObject\",\"inLanguage\":\"fr-FR\",\"@id\":\"https:\\\/\\\/ksapa.org\\\/fr\\\/la-justice-sociale-angle-mort-des-politiques-climatiques\\\/#primaryimage\",\"url\":\"https:\\\/\\\/ksapa.org\\\/fr\\\/wp-content\\\/uploads\\\/sites\\\/1\\\/2026\\\/06\\\/pexels-maxravier-12017426-scaled.jpg\",\"contentUrl\":\"https:\\\/\\\/ksapa.org\\\/fr\\\/wp-content\\\/uploads\\\/sites\\\/1\\\/2026\\\/06\\\/pexels-maxravier-12017426-scaled.jpg\",\"width\":2560,\"height\":1707,\"caption\":\"La justice sociale, angle mort des politiques climatiques ?\"},{\"@type\":\"BreadcrumbList\",\"@id\":\"https:\\\/\\\/ksapa.org\\\/fr\\\/la-justice-sociale-angle-mort-des-politiques-climatiques\\\/#breadcrumb\",\"itemListElement\":[{\"@type\":\"ListItem\",\"position\":1,\"name\":\"Home\",\"item\":\"https:\\\/\\\/ksapa.org\\\/fr\\\/\"},{\"@type\":\"ListItem\",\"position\":2,\"name\":\"La justice sociale, angle mort des politiques climatiques ?\"}]},{\"@type\":\"WebSite\",\"@id\":\"https:\\\/\\\/ksapa.org\\\/fr\\\/#website\",\"url\":\"https:\\\/\\\/ksapa.org\\\/fr\\\/\",\"name\":\"Ksapa - fr\",\"description\":\"\",\"publisher\":{\"@id\":\"https:\\\/\\\/ksapa.org\\\/fr\\\/#organization\"},\"potentialAction\":[{\"@type\":\"SearchAction\",\"target\":{\"@type\":\"EntryPoint\",\"urlTemplate\":\"https:\\\/\\\/ksapa.org\\\/fr\\\/?s={search_term_string}\"},\"query-input\":{\"@type\":\"PropertyValueSpecification\",\"valueRequired\":true,\"valueName\":\"search_term_string\"}}],\"inLanguage\":\"fr-FR\"},{\"@type\":\"Organization\",\"@id\":\"https:\\\/\\\/ksapa.org\\\/fr\\\/#organization\",\"name\":\"ksapa\",\"url\":\"https:\\\/\\\/ksapa.org\\\/fr\\\/\",\"logo\":{\"@type\":\"ImageObject\",\"inLanguage\":\"fr-FR\",\"@id\":\"https:\\\/\\\/ksapa.org\\\/fr\\\/#\\\/schema\\\/logo\\\/image\\\/\",\"url\":\"https:\\\/\\\/ksapa.org\\\/fr\\\/wp-content\\\/uploads\\\/sites\\\/1\\\/2019\\\/06\\\/icone-ksapa.jpg\",\"contentUrl\":\"https:\\\/\\\/ksapa.org\\\/fr\\\/wp-content\\\/uploads\\\/sites\\\/1\\\/2019\\\/06\\\/icone-ksapa.jpg\",\"width\":\"442\",\"height\":\"421\",\"caption\":\"ksapa\"},\"image\":{\"@id\":\"https:\\\/\\\/ksapa.org\\\/fr\\\/#\\\/schema\\\/logo\\\/image\\\/\"},\"sameAs\":[\"https:\\\/\\\/x.com\\\/KsapaOrg\"]},{\"@type\":\"Person\",\"@id\":\"https:\\\/\\\/ksapa.org\\\/fr\\\/#\\\/schema\\\/person\\\/a2de8e1c35105a1cf8b01b5950b6babb\",\"name\":\"Dana Tayeb\",\"image\":{\"@type\":\"ImageObject\",\"inLanguage\":\"fr-FR\",\"@id\":\"https:\\\/\\\/ksapa.org\\\/wp-content\\\/uploads\\\/2024\\\/09\\\/Photo-pro-Dana-TAYEB_page-0001-scaled.jpg\",\"url\":\"https:\\\/\\\/ksapa.org\\\/wp-content\\\/uploads\\\/2024\\\/09\\\/Photo-pro-Dana-TAYEB_page-0001-scaled.jpg\",\"contentUrl\":\"https:\\\/\\\/ksapa.org\\\/wp-content\\\/uploads\\\/2024\\\/09\\\/Photo-pro-Dana-TAYEB_page-0001-scaled.jpg\",\"caption\":\"Dana Tayeb\"},\"description\":\"Dana is a Sustainability Consultant on Ksapa's advisory team, where she focuses on human rights, sustainability strategy, and ESG compliance for major multinationals and international organizations. Driven by a genuine commitment to global impact, Dana brings hands-on experience from sustainability and social development work across Africa, as well as an impact program expanding healthcare access in underserved communities. She holds a Master's in International Business from HEC Paris and works fluently in French, English, and German.\",\"sameAs\":[\"https:\\\/\\\/x.com\\\/cchateauvieux\"],\"url\":\"https:\\\/\\\/ksapa.org\\\/fr\\\/author\\\/dtayeb\\\/\"}]}<\/script>\n<!-- \/ Yoast SEO plugin. -->","yoast_head_json":{"title":"La justice sociale, angle mort des politiques climatiques ?","description":"La transition climatique ne sera durable que si elle est juste. D\u00e9couvrez comment int\u00e9grer les enjeux sociaux dans l\u2019action climatique.","robots":{"index":"index","follow":"follow","max-snippet":"max-snippet:-1","max-image-preview":"max-image-preview:large","max-video-preview":"max-video-preview:-1"},"canonical":"https:\/\/ksapa.org\/fr\/la-justice-sociale-angle-mort-des-politiques-climatiques\/","og_locale":"fr_FR","og_type":"article","og_title":"La justice sociale, angle mort des politiques climatiques ?","og_description":"La transition climatique ne sera durable que si elle est juste. D\u00e9couvrez comment int\u00e9grer les enjeux sociaux dans l\u2019action climatique.","og_url":"https:\/\/ksapa.org\/fr\/la-justice-sociale-angle-mort-des-politiques-climatiques\/","og_site_name":"Ksapa - fr","article_published_time":"2026-06-08T08:20:33+00:00","article_modified_time":"2026-06-08T08:20:38+00:00","og_image":[{"width":2560,"height":1707,"url":"https:\/\/ksapa.org\/fr\/wp-content\/uploads\/sites\/1\/2026\/06\/pexels-maxravier-12017426-scaled.jpg","type":"image\/jpeg"}],"author":"Dana Tayeb","twitter_card":"summary_large_image","twitter_creator":"@cchateauvieux","twitter_site":"@KsapaOrg","twitter_misc":{"\u00c9crit par":"Dana Tayeb","Dur\u00e9e de lecture estim\u00e9e":"7 minutes"},"schema":{"@context":"https:\/\/schema.org","@graph":[{"@type":"Article","@id":"https:\/\/ksapa.org\/fr\/la-justice-sociale-angle-mort-des-politiques-climatiques\/#article","isPartOf":{"@id":"https:\/\/ksapa.org\/fr\/la-justice-sociale-angle-mort-des-politiques-climatiques\/"},"author":{"name":"Dana Tayeb","@id":"https:\/\/ksapa.org\/fr\/#\/schema\/person\/a2de8e1c35105a1cf8b01b5950b6babb"},"headline":"La justice sociale, angle mort des politiques climatiques ?","datePublished":"2026-06-08T08:20:33+00:00","dateModified":"2026-06-08T08:20:38+00:00","mainEntityOfPage":{"@id":"https:\/\/ksapa.org\/fr\/la-justice-sociale-angle-mort-des-politiques-climatiques\/"},"wordCount":1593,"commentCount":0,"publisher":{"@id":"https:\/\/ksapa.org\/fr\/#organization"},"image":{"@id":"https:\/\/ksapa.org\/fr\/la-justice-sociale-angle-mort-des-politiques-climatiques\/#primaryimage"},"thumbnailUrl":"https:\/\/ksapa.org\/fr\/wp-content\/uploads\/sites\/1\/2026\/06\/pexels-maxravier-12017426-scaled.jpg","keywords":["justice sociale"],"articleSection":["Changement climatique","D\u00e9veloppement Durable","Droits de l'Homme","Engagement Local","Non Class\u00e9","Transition \u00e9nerg\u00e9tique"],"inLanguage":"fr-FR","potentialAction":[{"@type":"CommentAction","name":"Comment","target":["https:\/\/ksapa.org\/fr\/la-justice-sociale-angle-mort-des-politiques-climatiques\/#respond"]}]},{"@type":"WebPage","@id":"https:\/\/ksapa.org\/fr\/la-justice-sociale-angle-mort-des-politiques-climatiques\/","url":"https:\/\/ksapa.org\/fr\/la-justice-sociale-angle-mort-des-politiques-climatiques\/","name":"La justice sociale, angle mort des politiques climatiques ?","isPartOf":{"@id":"https:\/\/ksapa.org\/fr\/#website"},"primaryImageOfPage":{"@id":"https:\/\/ksapa.org\/fr\/la-justice-sociale-angle-mort-des-politiques-climatiques\/#primaryimage"},"image":{"@id":"https:\/\/ksapa.org\/fr\/la-justice-sociale-angle-mort-des-politiques-climatiques\/#primaryimage"},"thumbnailUrl":"https:\/\/ksapa.org\/fr\/wp-content\/uploads\/sites\/1\/2026\/06\/pexels-maxravier-12017426-scaled.jpg","datePublished":"2026-06-08T08:20:33+00:00","dateModified":"2026-06-08T08:20:38+00:00","description":"La transition climatique ne sera durable que si elle est juste. D\u00e9couvrez comment int\u00e9grer les enjeux sociaux dans l\u2019action climatique.","breadcrumb":{"@id":"https:\/\/ksapa.org\/fr\/la-justice-sociale-angle-mort-des-politiques-climatiques\/#breadcrumb"},"inLanguage":"fr-FR","potentialAction":[{"@type":"ReadAction","target":["https:\/\/ksapa.org\/fr\/la-justice-sociale-angle-mort-des-politiques-climatiques\/"]}]},{"@type":"ImageObject","inLanguage":"fr-FR","@id":"https:\/\/ksapa.org\/fr\/la-justice-sociale-angle-mort-des-politiques-climatiques\/#primaryimage","url":"https:\/\/ksapa.org\/fr\/wp-content\/uploads\/sites\/1\/2026\/06\/pexels-maxravier-12017426-scaled.jpg","contentUrl":"https:\/\/ksapa.org\/fr\/wp-content\/uploads\/sites\/1\/2026\/06\/pexels-maxravier-12017426-scaled.jpg","width":2560,"height":1707,"caption":"La justice sociale, angle mort des politiques climatiques ?"},{"@type":"BreadcrumbList","@id":"https:\/\/ksapa.org\/fr\/la-justice-sociale-angle-mort-des-politiques-climatiques\/#breadcrumb","itemListElement":[{"@type":"ListItem","position":1,"name":"Home","item":"https:\/\/ksapa.org\/fr\/"},{"@type":"ListItem","position":2,"name":"La justice sociale, angle mort des politiques climatiques ?"}]},{"@type":"WebSite","@id":"https:\/\/ksapa.org\/fr\/#website","url":"https:\/\/ksapa.org\/fr\/","name":"Ksapa - fr","description":"","publisher":{"@id":"https:\/\/ksapa.org\/fr\/#organization"},"potentialAction":[{"@type":"SearchAction","target":{"@type":"EntryPoint","urlTemplate":"https:\/\/ksapa.org\/fr\/?s={search_term_string}"},"query-input":{"@type":"PropertyValueSpecification","valueRequired":true,"valueName":"search_term_string"}}],"inLanguage":"fr-FR"},{"@type":"Organization","@id":"https:\/\/ksapa.org\/fr\/#organization","name":"ksapa","url":"https:\/\/ksapa.org\/fr\/","logo":{"@type":"ImageObject","inLanguage":"fr-FR","@id":"https:\/\/ksapa.org\/fr\/#\/schema\/logo\/image\/","url":"https:\/\/ksapa.org\/fr\/wp-content\/uploads\/sites\/1\/2019\/06\/icone-ksapa.jpg","contentUrl":"https:\/\/ksapa.org\/fr\/wp-content\/uploads\/sites\/1\/2019\/06\/icone-ksapa.jpg","width":"442","height":"421","caption":"ksapa"},"image":{"@id":"https:\/\/ksapa.org\/fr\/#\/schema\/logo\/image\/"},"sameAs":["https:\/\/x.com\/KsapaOrg"]},{"@type":"Person","@id":"https:\/\/ksapa.org\/fr\/#\/schema\/person\/a2de8e1c35105a1cf8b01b5950b6babb","name":"Dana Tayeb","image":{"@type":"ImageObject","inLanguage":"fr-FR","@id":"https:\/\/ksapa.org\/wp-content\/uploads\/2024\/09\/Photo-pro-Dana-TAYEB_page-0001-scaled.jpg","url":"https:\/\/ksapa.org\/wp-content\/uploads\/2024\/09\/Photo-pro-Dana-TAYEB_page-0001-scaled.jpg","contentUrl":"https:\/\/ksapa.org\/wp-content\/uploads\/2024\/09\/Photo-pro-Dana-TAYEB_page-0001-scaled.jpg","caption":"Dana Tayeb"},"description":"Dana is a Sustainability Consultant on Ksapa's advisory team, where she focuses on human rights, sustainability strategy, and ESG compliance for major multinationals and international organizations. Driven by a genuine commitment to global impact, Dana brings hands-on experience from sustainability and social development work across Africa, as well as an impact program expanding healthcare access in underserved communities. She holds a Master's in International Business from HEC Paris and works fluently in French, English, and German.","sameAs":["https:\/\/x.com\/cchateauvieux"],"url":"https:\/\/ksapa.org\/fr\/author\/dtayeb\/"}]}},"_links":{"self":[{"href":"https:\/\/ksapa.org\/fr\/wp-json\/wp\/v2\/posts\/11526","targetHints":{"allow":["GET"]}}],"collection":[{"href":"https:\/\/ksapa.org\/fr\/wp-json\/wp\/v2\/posts"}],"about":[{"href":"https:\/\/ksapa.org\/fr\/wp-json\/wp\/v2\/types\/post"}],"author":[{"embeddable":true,"href":"https:\/\/ksapa.org\/fr\/wp-json\/wp\/v2\/users\/94"}],"replies":[{"embeddable":true,"href":"https:\/\/ksapa.org\/fr\/wp-json\/wp\/v2\/comments?post=11526"}],"version-history":[{"count":14,"href":"https:\/\/ksapa.org\/fr\/wp-json\/wp\/v2\/posts\/11526\/revisions"}],"predecessor-version":[{"id":11543,"href":"https:\/\/ksapa.org\/fr\/wp-json\/wp\/v2\/posts\/11526\/revisions\/11543"}],"wp:featuredmedia":[{"embeddable":true,"href":"https:\/\/ksapa.org\/fr\/wp-json\/wp\/v2\/media\/11527"}],"wp:attachment":[{"href":"https:\/\/ksapa.org\/fr\/wp-json\/wp\/v2\/media?parent=11526"}],"wp:term":[{"taxonomy":"category","embeddable":true,"href":"https:\/\/ksapa.org\/fr\/wp-json\/wp\/v2\/categories?post=11526"},{"taxonomy":"post_tag","embeddable":true,"href":"https:\/\/ksapa.org\/fr\/wp-json\/wp\/v2\/tags?post=11526"}],"curies":[{"name":"wp","href":"https:\/\/api.w.org\/{rel}","templated":true}]}}